{"id":46192,"date":"2025-10-17T13:39:57","date_gmt":"2025-10-17T11:39:57","guid":{"rendered":"https:\/\/www.cordaid.org\/nl\/?p=46192"},"modified":"2025-10-17T14:51:54","modified_gmt":"2025-10-17T12:51:54","slug":"deelnemers-cordaid-beach-challenge-halen-ruim-30000-euro-op","status":"publish","type":"post","link":"https:\/\/www.cordaid.org\/nl\/nieuws\/deelnemers-cordaid-beach-challenge-halen-ruim-30000-euro-op\/","title":{"rendered":"Deelnemers\u00a0Cordaid Beach Challenge\u00a02025 halen ruim\u00a0\u20ac30.000 op"},"content":{"rendered":"\n<p><strong>Zee, zand en solidariteit: bijna 230 wandelaars trotseerden deze zaterdag strand en duinen tijdens de allereerste Cordaid Beach Challenge. De sfeer zat er goed in. Samen haalden ze ruim 30.000 euro op voor onderwijs, zorg en schoon drinkwater. Al met al: een geslaagde en mooie dag!<\/strong><\/p>\n\n\n\n<figure class=\"wp-block-image size-large\"><img loading=\"lazy\" decoding=\"async\" width=\"1024\" height=\"681\" src=\"https:\/\/www.cordaid.org\/nl\/wp-content\/uploads\/2025\/10\/Cordaid-Beach-Challenge-2025-deelnemers-starten-bij-Manta-Beach-Foto-Mickael-Franci-1024x681.jpg?image-crop-positioner-ts=1760694933\" alt=\"\" class=\"wp-image-46197\" srcset=\"https:\/\/www.cordaid.org\/nl\/wp-content\/uploads\/2025\/10\/Cordaid-Beach-Challenge-2025-deelnemers-starten-bij-Manta-Beach-Foto-Mickael-Franci-1024x681.jpg?image-crop-positioner-ts=1760694933 1024w, https:\/\/www.cordaid.org\/nl\/wp-content\/uploads\/2025\/10\/Cordaid-Beach-Challenge-2025-deelnemers-starten-bij-Manta-Beach-Foto-Mickael-Franci-300x200.jpg?image-crop-positioner-ts=1760694933 300w, https:\/\/www.cordaid.org\/nl\/wp-content\/uploads\/2025\/10\/Cordaid-Beach-Challenge-2025-deelnemers-starten-bij-Manta-Beach-Foto-Mickael-Franci-768x511.jpg?image-crop-positioner-ts=1760694933 768w, https:\/\/www.cordaid.org\/nl\/wp-content\/uploads\/2025\/10\/Cordaid-Beach-Challenge-2025-deelnemers-starten-bij-Manta-Beach-Foto-Mickael-Franci-1536x1022.jpg?image-crop-positioner-ts=1760694933 1536w, https:\/\/www.cordaid.org\/nl\/wp-content\/uploads\/2025\/10\/Cordaid-Beach-Challenge-2025-deelnemers-starten-bij-Manta-Beach-Foto-Mickael-Franci-2048x1363.jpg?image-crop-positioner-ts=1760694933 2048w, https:\/\/www.cordaid.org\/nl\/wp-content\/uploads\/2025\/10\/Cordaid-Beach-Challenge-2025-deelnemers-starten-bij-Manta-Beach-Foto-Mickael-Franci-160x106.jpg?image-crop-positioner-ts=1760694933 160w\" sizes=\"(max-width: 1024px) 100vw, 1024px\" \/><figcaption class=\"wp-element-caption\">Deelnemers Cordaid Beach Challenge 2025 starten vol goede moed bij Manta Beach in Scheveningen.  Foto: Mickael Franci<\/figcaption><\/figure>\n\n\n\n<h2 class=\"wp-block-heading\">Geslaagde dag met positieve sfeer<\/h2>\n\n\n\n<p>Joliene Santoo, een van de organisatoren, blikt terug op een succesvolle eerste editie: &#8216;Wat ons betreft was het echt een geslaagde dag. Wat een enthousiaste deelnemers. Ik zag zoveel blije gezichten,\u2019 vertelt ze. \u2018Er hing echt een goede positieve sfeer. \u00c9n gelukkig waren de weergoden ons goedgezind.\u2019<\/p>\n\n\n\n<p>Van gezinnen met kinderen tot collega-teams en vriendengroepen: iedereen was er met hetzelfde doel. Ze zamelden stuk voor stuk geld in voor mensen als <a href=\"https:\/\/www.cordaid.org\/nl\/campagnes\/cordaid-beach-challenge\/voor-wie-loop-jij\/#Shenita\">Shenita<\/a>, <a href=\"https:\/\/www.cordaid.org\/nl\/campagnes\/cordaid-beach-challenge\/voor-wie-loop-jij\/#Betty\">Betty<\/a> en <a href=\"https:\/\/www.cordaid.org\/nl\/campagnes\/cordaid-beach-challenge\/voor-wie-loop-jij\/#Chanceline\">Chanceline<\/a>. Mensen die urenlang moeten lopen voor basisvoorzieningen die voor jou en mij vanzelfsprekend zijn. Samen haalden ze ruim \u20ac30.000 om de toegang tot onderwijs, zorg en schoon drinkwater te verbeteren.<\/p>\n\n\n\n<figure class=\"wp-block-image size-large\"><img loading=\"lazy\" decoding=\"async\" width=\"1024\" height=\"681\" src=\"https:\/\/www.cordaid.org\/nl\/wp-content\/uploads\/2025\/10\/Cordaid-Beach-Challenge-2025-cheque-met-opgehaald-eindbedrag-Foto-Mickael-Franci-1024x681.jpg\" alt=\"Blije deelnemers en mensen van Cordaid hebben cheque met opgehaald eindbedrag in hun handen op het strand - Cordaid Beach Challenge 2025\" class=\"wp-image-46200\" srcset=\"https:\/\/www.cordaid.org\/nl\/wp-content\/uploads\/2025\/10\/Cordaid-Beach-Challenge-2025-cheque-met-opgehaald-eindbedrag-Foto-Mickael-Franci-1024x681.jpg?image-crop-positioner-ts=1760695214 1024w, https:\/\/www.cordaid.org\/nl\/wp-content\/uploads\/2025\/10\/Cordaid-Beach-Challenge-2025-cheque-met-opgehaald-eindbedrag-Foto-Mickael-Franci-300x200.jpg?image-crop-positioner-ts=1760695214 300w, https:\/\/www.cordaid.org\/nl\/wp-content\/uploads\/2025\/10\/Cordaid-Beach-Challenge-2025-cheque-met-opgehaald-eindbedrag-Foto-Mickael-Franci-768x511.jpg?image-crop-positioner-ts=1760695214 768w, https:\/\/www.cordaid.org\/nl\/wp-content\/uploads\/2025\/10\/Cordaid-Beach-Challenge-2025-cheque-met-opgehaald-eindbedrag-Foto-Mickael-Franci-1536x1022.jpg?image-crop-positioner-ts=1760695214 1536w, https:\/\/www.cordaid.org\/nl\/wp-content\/uploads\/2025\/10\/Cordaid-Beach-Challenge-2025-cheque-met-opgehaald-eindbedrag-Foto-Mickael-Franci-2048x1363.jpg?image-crop-positioner-ts=1760695214 2048w, https:\/\/www.cordaid.org\/nl\/wp-content\/uploads\/2025\/10\/Cordaid-Beach-Challenge-2025-cheque-met-opgehaald-eindbedrag-Foto-Mickael-Franci-160x106.jpg?image-crop-positioner-ts=1760695214 160w\" sizes=\"(max-width: 1024px) 100vw, 1024px\" \/><figcaption class=\"wp-element-caption\">Deelnemers en directeur van Cordaid, Heleen van den Berg, dankbaar en blij met opgehaald eindbedrag Cordaid Beach Challenge 2025. Foto: Mickael Franci<\/figcaption><\/figure>\n\n\n\n<h2 class=\"wp-block-heading\">Prachtige wandelroutes en indrukwekkende verhalen<\/h2>\n\n\n\n<p>Ook vrijwilligers genoten volop tijdens de <a href=\"https:\/\/www.cordaid.org\/nl\/campagnes\/cordaid-beach-challenge\/\">Cordaid Beach Challenge<\/a>. Desiree Verzantvoort stond bij een van de rustposten, vlakbij boerderij Meijendel. Ze vertelt: \u2018De deelnemers die hier kwamen uitrusten, zeiden bijna allemaal: Wat een prachtige wandelroutes!\u2019.<\/p>\n\n\n\n<p>Bij de verschillende rustposten stonden borden met de verhalen van Shenita, Betty en Chanceline. Ook konden deelnemers luisteren naar hun verhaal, dat was ingesproken door ambassadeur Hella van der Wijst. \u2018Wat ik erg leuk vond,\u2019 zegt Desiree \u2018is dat de wandelaars, maar \u00f3\u00f3k de bezoekers van Meijendel ge\u00efnteresseerd waren in de verhalen en het werk van Cordaid.\u2019<\/p>\n\n\n\n\t\t\n\t<div id=\"anchor-68f2279a7bf38\" class=\"aligncenter\" data-name=\"acf\/block-slider-gallery\">\n\t\t<section class=\"flex flex-col gap-4\">\n\n\t\t\t\t\t\t\t<h2 class=\"screen-reader-text\">Een gallerij met 5 afbeeldingen<\/h2>\n\t\t\t\n\t\t\t\t\t\t\t<p class=\"screen-reader-text\">De gallerij geeft de afbeeldingen in een oneindige lus weer.<\/p>\n\t\t\t\n\t\t\t\t\t\t\t\t\t\t\t\n\t\t\t\t\n\t\t\t\t\n<div class=\"slider-gallery\">\n\t<div class=\"swiper\" data-async-module=\"slider-gallery\" data-config=\"{&quot;id&quot;:&quot;slider-gallery-69ef7b4c5b094&quot;,&quot;loop_slides&quot;:true}\">\n\t\t<div class=\"swiper-wrapper\">\n\t\t\t\t\t\t\t\t\t\t\t\t\t\t\t<div class=\"swiper-slide\" aria-hidden=\"true\" data-caption=\"Deelnemers&#x20;lezen&#x20;en&#x20;luisteren&#x20;naar&#x20;verhalen&#x20;bij&#x20;rustpost&#x20;van&#x20;Cordaid&#x20;Beach&#x20;Challenge&#x20;2025&#x20;in&#x20;Meijendel&#x20;-&#x20;Foto&#x3A;&#x20;Mickael&#x20;Franci\">\n\t\t\t\t\t<figure class=\"swiper-slide__item\">\n\n\t\t\t\t\t\t<img loading=\"lazy\" decoding=\"async\" width=\"1024\" height=\"681\" src=\"https:\/\/www.cordaid.org\/nl\/wp-content\/uploads\/2025\/10\/Cordaid-Beach-Challenge-2025-deelnemers-lezen-en-luisteren-naar-verhalen-Foto-Mickael-Franci-1024x681.jpg?image-crop-positioner-ts=1760698030\" class=\"attachment-large size-large\" alt=\"Deelnemers lezen en luisteren naar verhalen bij rustpost van Cordaid Beach Challenge 2025 in Meijendel\" sizes=\"(max-width: 722px) 100vw, 722px\" srcset=\"https:\/\/www.cordaid.org\/nl\/wp-content\/uploads\/2025\/10\/Cordaid-Beach-Challenge-2025-deelnemers-lezen-en-luisteren-naar-verhalen-Foto-Mickael-Franci-1024x681.jpg?image-crop-positioner-ts=1760698030 1024w, https:\/\/www.cordaid.org\/nl\/wp-content\/uploads\/2025\/10\/Cordaid-Beach-Challenge-2025-deelnemers-lezen-en-luisteren-naar-verhalen-Foto-Mickael-Franci-300x200.jpg?image-crop-positioner-ts=1760698030 300w, https:\/\/www.cordaid.org\/nl\/wp-content\/uploads\/2025\/10\/Cordaid-Beach-Challenge-2025-deelnemers-lezen-en-luisteren-naar-verhalen-Foto-Mickael-Franci-768x511.jpg?image-crop-positioner-ts=1760698030 768w, https:\/\/www.cordaid.org\/nl\/wp-content\/uploads\/2025\/10\/Cordaid-Beach-Challenge-2025-deelnemers-lezen-en-luisteren-naar-verhalen-Foto-Mickael-Franci-1536x1022.jpg?image-crop-positioner-ts=1760698030 1536w, https:\/\/www.cordaid.org\/nl\/wp-content\/uploads\/2025\/10\/Cordaid-Beach-Challenge-2025-deelnemers-lezen-en-luisteren-naar-verhalen-Foto-Mickael-Franci-2048x1362.jpg?image-crop-positioner-ts=1760698030 2048w, https:\/\/www.cordaid.org\/nl\/wp-content\/uploads\/2025\/10\/Cordaid-Beach-Challenge-2025-deelnemers-lezen-en-luisteren-naar-verhalen-Foto-Mickael-Franci-160x106.jpg?image-crop-positioner-ts=1760698030 160w\" \/>\n\n\t\t\t\t\t\t\t\t\t\t\t\t\t<figcaption class=\"screen-reader-text\">Deelnemers lezen en luisteren naar verhalen bij rustpost van Cordaid Beach Challenge 2025 in Meijendel &#8211; Foto: Mickael Franci<\/figcaption>\n\t\t\t\t\t\t\n\t\t\t\t\t<\/figure>\n\t\t\t\t<\/div>\n\t\t\t\t\t\t\t\t\t\t\t\t\t\t\t<div class=\"swiper-slide\" aria-hidden=\"true\" data-caption=\"Vrijwilliger&#x20;deelt&#x20;koptelefoons&#x20;uit&#x20;bij&#x20;rustpunt&#x20;van&#x20;Cordaid&#x20;Beach&#x20;Challenge&#x20;2025&#x20;in&#x20;Meijendel&#x20;-&#x20;Foto&#x20;Mickael&#x20;Franci\">\n\t\t\t\t\t<figure class=\"swiper-slide__item\">\n\n\t\t\t\t\t\t<img loading=\"lazy\" decoding=\"async\" width=\"1024\" height=\"681\" src=\"https:\/\/www.cordaid.org\/nl\/wp-content\/uploads\/2025\/10\/Cordaid-Beach-Challenge-2025-vrijwilliger-bij-rustpunt-in-Meijendel-Foto-Mickael-Franci-1024x681.jpg?image-crop-positioner-ts=1760698230\" class=\"attachment-large size-large\" alt=\"Vrijwilliger deelt koptelefoons uit bij rustpunt van Cordaid Beach Challenge 2025 in Meijendel\" sizes=\"(max-width: 722px) 100vw, 722px\" srcset=\"https:\/\/www.cordaid.org\/nl\/wp-content\/uploads\/2025\/10\/Cordaid-Beach-Challenge-2025-vrijwilliger-bij-rustpunt-in-Meijendel-Foto-Mickael-Franci-1024x681.jpg?image-crop-positioner-ts=1760698230 1024w, https:\/\/www.cordaid.org\/nl\/wp-content\/uploads\/2025\/10\/Cordaid-Beach-Challenge-2025-vrijwilliger-bij-rustpunt-in-Meijendel-Foto-Mickael-Franci-300x200.jpg?image-crop-positioner-ts=1760698230 300w, https:\/\/www.cordaid.org\/nl\/wp-content\/uploads\/2025\/10\/Cordaid-Beach-Challenge-2025-vrijwilliger-bij-rustpunt-in-Meijendel-Foto-Mickael-Franci-768x511.jpg?image-crop-positioner-ts=1760698230 768w, https:\/\/www.cordaid.org\/nl\/wp-content\/uploads\/2025\/10\/Cordaid-Beach-Challenge-2025-vrijwilliger-bij-rustpunt-in-Meijendel-Foto-Mickael-Franci-1536x1022.jpg?image-crop-positioner-ts=1760698230 1536w, https:\/\/www.cordaid.org\/nl\/wp-content\/uploads\/2025\/10\/Cordaid-Beach-Challenge-2025-vrijwilliger-bij-rustpunt-in-Meijendel-Foto-Mickael-Franci-2048x1363.jpg?image-crop-positioner-ts=1760698230 2048w, https:\/\/www.cordaid.org\/nl\/wp-content\/uploads\/2025\/10\/Cordaid-Beach-Challenge-2025-vrijwilliger-bij-rustpunt-in-Meijendel-Foto-Mickael-Franci-160x106.jpg?image-crop-positioner-ts=1760698230 160w\" \/>\n\n\t\t\t\t\t\t\t\t\t\t\t\t\t<figcaption class=\"screen-reader-text\">Vrijwilliger deelt koptelefoons uit bij rustpunt van Cordaid Beach Challenge 2025 in Meijendel &#8211; Foto Mickael Franci<\/figcaption>\n\t\t\t\t\t\t\n\t\t\t\t\t<\/figure>\n\t\t\t\t<\/div>\n\t\t\t\t\t\t\t\t\t\t\t\t\t\t\t<div class=\"swiper-slide\" aria-hidden=\"true\" data-caption=\"Vrijwilliger&#x20;wijst&#x20;deelnemers&#x20;Cordaid&#x20;Beach&#x20;Challenge&#x20;2025&#x20;de&#x20;weg&#x20;in&#x20;Meijendel&#x20;-&#x20;Foto&#x3A;&#x20;Mickael&#x20;Franci\">\n\t\t\t\t\t<figure class=\"swiper-slide__item\">\n\n\t\t\t\t\t\t<img loading=\"lazy\" decoding=\"async\" width=\"1024\" height=\"681\" src=\"https:\/\/www.cordaid.org\/nl\/wp-content\/uploads\/2025\/10\/Cordaid-Beach-Challenge-2025-vrijwilliger-wijst-de-weg-in-Meijendel-Foto-Mickael-Franci-1024x681.jpg?image-crop-positioner-ts=1760698243\" class=\"attachment-large size-large\" alt=\"Vrijwilliger wijst deelnemers Cordaid Beach Challenge 2025 de weg in Meijendel\" sizes=\"(max-width: 722px) 100vw, 722px\" srcset=\"https:\/\/www.cordaid.org\/nl\/wp-content\/uploads\/2025\/10\/Cordaid-Beach-Challenge-2025-vrijwilliger-wijst-de-weg-in-Meijendel-Foto-Mickael-Franci-1024x681.jpg?image-crop-positioner-ts=1760698243 1024w, https:\/\/www.cordaid.org\/nl\/wp-content\/uploads\/2025\/10\/Cordaid-Beach-Challenge-2025-vrijwilliger-wijst-de-weg-in-Meijendel-Foto-Mickael-Franci-300x200.jpg?image-crop-positioner-ts=1760698243 300w, https:\/\/www.cordaid.org\/nl\/wp-content\/uploads\/2025\/10\/Cordaid-Beach-Challenge-2025-vrijwilliger-wijst-de-weg-in-Meijendel-Foto-Mickael-Franci-768x511.jpg?image-crop-positioner-ts=1760698243 768w, https:\/\/www.cordaid.org\/nl\/wp-content\/uploads\/2025\/10\/Cordaid-Beach-Challenge-2025-vrijwilliger-wijst-de-weg-in-Meijendel-Foto-Mickael-Franci-1536x1022.jpg?image-crop-positioner-ts=1760698243 1536w, https:\/\/www.cordaid.org\/nl\/wp-content\/uploads\/2025\/10\/Cordaid-Beach-Challenge-2025-vrijwilliger-wijst-de-weg-in-Meijendel-Foto-Mickael-Franci-2048x1363.jpg?image-crop-positioner-ts=1760698243 2048w, https:\/\/www.cordaid.org\/nl\/wp-content\/uploads\/2025\/10\/Cordaid-Beach-Challenge-2025-vrijwilliger-wijst-de-weg-in-Meijendel-Foto-Mickael-Franci-160x106.jpg?image-crop-positioner-ts=1760698243 160w\" \/>\n\n\t\t\t\t\t\t\t\t\t\t\t\t\t<figcaption class=\"screen-reader-text\">Vrijwilliger wijst deelnemers Cordaid Beach Challenge 2025 de weg in Meijendel &#8211; Foto: Mickael Franci<\/figcaption>\n\t\t\t\t\t\t\n\t\t\t\t\t<\/figure>\n\t\t\t\t<\/div>\n\t\t\t\t\t\t\t\t\t\t\t\t\t\t\t<div class=\"swiper-slide\" aria-hidden=\"true\" data-caption=\"Wandelaars&#x20;Cordaid&#x20;Beach&#x20;Challenge&#x20;2025&#x20;bij&#x20;rustpunt&#x20;in&#x20;Meijendel&#x20;eten&#x20;fruit&#x20;-&#x20;Foto&#x3A;&#x20;Mickael&#x20;Franci\">\n\t\t\t\t\t<figure class=\"swiper-slide__item\">\n\n\t\t\t\t\t\t<img loading=\"lazy\" decoding=\"async\" width=\"1024\" height=\"681\" src=\"https:\/\/www.cordaid.org\/nl\/wp-content\/uploads\/2025\/10\/Cordaid-Beach-Challenge-2025-wandelaars-bij-rustpunt-in-Meijendel-Foto-Mickael-Franci-1024x681.jpg?image-crop-positioner-ts=1760698255\" class=\"attachment-large size-large\" alt=\"Wandelaars Cordaid Beach Challenge 2025 bij rustpunt in Meijendel eten fruit\" sizes=\"(max-width: 722px) 100vw, 722px\" srcset=\"https:\/\/www.cordaid.org\/nl\/wp-content\/uploads\/2025\/10\/Cordaid-Beach-Challenge-2025-wandelaars-bij-rustpunt-in-Meijendel-Foto-Mickael-Franci-1024x681.jpg?image-crop-positioner-ts=1760698255 1024w, https:\/\/www.cordaid.org\/nl\/wp-content\/uploads\/2025\/10\/Cordaid-Beach-Challenge-2025-wandelaars-bij-rustpunt-in-Meijendel-Foto-Mickael-Franci-300x200.jpg?image-crop-positioner-ts=1760698255 300w, https:\/\/www.cordaid.org\/nl\/wp-content\/uploads\/2025\/10\/Cordaid-Beach-Challenge-2025-wandelaars-bij-rustpunt-in-Meijendel-Foto-Mickael-Franci-768x511.jpg?image-crop-positioner-ts=1760698255 768w, https:\/\/www.cordaid.org\/nl\/wp-content\/uploads\/2025\/10\/Cordaid-Beach-Challenge-2025-wandelaars-bij-rustpunt-in-Meijendel-Foto-Mickael-Franci-1536x1022.jpg?image-crop-positioner-ts=1760698255 1536w, https:\/\/www.cordaid.org\/nl\/wp-content\/uploads\/2025\/10\/Cordaid-Beach-Challenge-2025-wandelaars-bij-rustpunt-in-Meijendel-Foto-Mickael-Franci-2048x1363.jpg?image-crop-positioner-ts=1760698255 2048w, https:\/\/www.cordaid.org\/nl\/wp-content\/uploads\/2025\/10\/Cordaid-Beach-Challenge-2025-wandelaars-bij-rustpunt-in-Meijendel-Foto-Mickael-Franci-160x106.jpg?image-crop-positioner-ts=1760698255 160w\" \/>\n\n\t\t\t\t\t\t\t\t\t\t\t\t\t<figcaption class=\"screen-reader-text\">Wandelaars Cordaid Beach Challenge 2025 bij rustpunt in Meijendel eten fruit &#8211; Foto: Mickael Franci<\/figcaption>\n\t\t\t\t\t\t\n\t\t\t\t\t<\/figure>\n\t\t\t\t<\/div>\n\t\t\t\t\t\t\t\t\t\t\t\t\t\t\t<div class=\"swiper-slide\" aria-hidden=\"true\" data-caption=\"Borden&#x20;met&#x20;verhalen&#x20;over&#x20;gezondheidzorg&#x20;en&#x20;schoon&#x20;drinkwater&#x20;bij&#x20;rustpunt&#x20;van&#x20;Cordaid&#x20;Beach&#x20;Challenge&#x20;2025&#x20;-&#x20;Foto&#x3A;&#x20;Mickael&#x20;Franci\">\n\t\t\t\t\t<figure class=\"swiper-slide__item\">\n\n\t\t\t\t\t\t<img loading=\"lazy\" decoding=\"async\" width=\"1024\" height=\"681\" src=\"https:\/\/www.cordaid.org\/nl\/wp-content\/uploads\/2025\/10\/Cordaid-Beach-Challenge-2025-verhalen-gezondheidzorg-en-schoon-drinkwater-Foto-Mickael-Franci-1024x681.jpg?image-crop-positioner-ts=1760698217\" class=\"attachment-large size-large\" alt=\"Borden met verhalen over gezondheidzorg en schoon drinkwater bij rustpunt van Cordaid Beach Challenge 2025\" sizes=\"(max-width: 722px) 100vw, 722px\" srcset=\"https:\/\/www.cordaid.org\/nl\/wp-content\/uploads\/2025\/10\/Cordaid-Beach-Challenge-2025-verhalen-gezondheidzorg-en-schoon-drinkwater-Foto-Mickael-Franci-1024x681.jpg?image-crop-positioner-ts=1760698217 1024w, https:\/\/www.cordaid.org\/nl\/wp-content\/uploads\/2025\/10\/Cordaid-Beach-Challenge-2025-verhalen-gezondheidzorg-en-schoon-drinkwater-Foto-Mickael-Franci-300x200.jpg?image-crop-positioner-ts=1760698217 300w, https:\/\/www.cordaid.org\/nl\/wp-content\/uploads\/2025\/10\/Cordaid-Beach-Challenge-2025-verhalen-gezondheidzorg-en-schoon-drinkwater-Foto-Mickael-Franci-768x511.jpg?image-crop-positioner-ts=1760698217 768w, https:\/\/www.cordaid.org\/nl\/wp-content\/uploads\/2025\/10\/Cordaid-Beach-Challenge-2025-verhalen-gezondheidzorg-en-schoon-drinkwater-Foto-Mickael-Franci-1536x1022.jpg?image-crop-positioner-ts=1760698217 1536w, https:\/\/www.cordaid.org\/nl\/wp-content\/uploads\/2025\/10\/Cordaid-Beach-Challenge-2025-verhalen-gezondheidzorg-en-schoon-drinkwater-Foto-Mickael-Franci-2048x1363.jpg?image-crop-positioner-ts=1760698217 2048w, https:\/\/www.cordaid.org\/nl\/wp-content\/uploads\/2025\/10\/Cordaid-Beach-Challenge-2025-verhalen-gezondheidzorg-en-schoon-drinkwater-Foto-Mickael-Franci-160x106.jpg?image-crop-positioner-ts=1760698217 160w\" \/>\n\n\t\t\t\t\t\t\t\t\t\t\t\t\t<figcaption class=\"screen-reader-text\">Borden met verhalen over gezondheidzorg en schoon drinkwater bij rustpunt van Cordaid Beach Challenge 2025 &#8211; Foto: Mickael Franci<\/figcaption>\n\t\t\t\t\t\t\n\t\t\t\t\t<\/figure>\n\t\t\t\t<\/div>\n\t\t\t\t\t<\/div>\n\t<\/div>\n\n\t<div class=\"slider-gallery__meta\">\n\t\t<div class=\"slider-gallery__caption\" aria-hidden=\"true\">\n\t\t\t<div class=\"js-slider-caption\"><\/div>\n\t\t<\/div>\n\n\t\t<div class=\"slider-gallery__nav\">\n\t\t\t<span class=\"screen-reader-text\">Gallerij navigatie<\/span>\n\t\t\t<div class=\"slider-gallery__arrows\">\n\t\t\t\t<span class=\"screen-reader-text\">Gallerij navigatie pijlen<\/span>\n\t\t\t\t<div class=\"slider-gallery__prev\">\n\t\t\t\t\t\n\n\n<button\n\tclass=\"btn btn--primary&#x20;btn--square&#x20;btn--small&#x20;js-swiper-prev-slider-gallery-69ef7b4c5b094 \"\n\t\t\t\t\t\t\t\taria-label=\"Ga&#x20;naar&#x20;vorige&#x20;afbeelding\"\n\t\t\t\t\t\t>\n\t\n\t\n\t\t\t\t\t\t<span class=\"btn__icon\">\n\t\t\t<span class=\"icon-inline icon-arrow-left\" aria-hidden=\"true\"><svg width=\"24\" height=\"24\" viewBox=\"0 0 24 24\" fill=\"none\" xmlns=\"http:\/\/www.w3.org\/2000\/svg\"><path d=\"M20 12.961a.404.404 0 0 1-.404.405H9.268l4.397 4.397a.405.405 0 0 1 0 .572l-1.379 1.379a.405.405 0 0 1-.572 0l-7.428-7.428a.404.404 0 0 1 0-.572l7.428-7.428a.404.404 0 0 1 .572 0l1.38 1.38a.405.405 0 0 1 0 .571l-4.398 4.397h10.328c.223 0 .404.181.404.405v1.922Z\" fill=\"#1A1A1A\"\/><\/svg>\n<\/span>\n\n\t\t\t\t\t<\/span>\n\t\n\t<\/button>\n\t\t\t\t<\/div>\n\t\t\t\t<div class=\"slider-gallery__next\">\n\t\t\t\t\t\n\n\n<button\n\tclass=\"btn btn--primary&#x20;btn--square&#x20;btn--small&#x20;btn--no-right-arrow-transition&#x20;js-swiper-next-slider-gallery-69ef7b4c5b094 \"\n\t\t\t\t\t\t\t\taria-label=\"Ga&#x20;naar&#x20;volgende&#x20;afbeelding\"\n\t\t\t\t\t\t>\n\t\n\t\n\t\t\t\t\t\t<span class=\"btn__icon\">\n\t\t\t<span class=\"icon-inline icon-arrow-right\" aria-hidden=\"true\"><svg width=\"24\" height=\"24\" viewBox=\"0 0 24 24\" fill=\"none\" xmlns=\"http:\/\/www.w3.org\/2000\/svg\"><path d=\"M4 12.961c0 .224.181.405.404.405h10.328l-4.397 4.397a.405.405 0 0 0 0 .572l1.379 1.379a.405.405 0 0 0 .572 0l7.428-7.428a.405.405 0 0 0 0-.572l-7.428-7.428a.404.404 0 0 0-.572 0l-1.38 1.38a.405.405 0 0 0 0 .571l4.398 4.397H4.404A.404.404 0 0 0 4 11.04v1.922Z\" fill=\"#1A1A1A\"\/><\/svg>\n<\/span>\n\n\t\t\t\t\t<\/span>\n\t\n\t<\/button>\n\t\t\t\t<\/div>\n\t\t\t<\/div>\n\t\t\t<div class=\"slider-gallery__pagination\">\n\t\t\t\t<div class=\"swiper-pagination js-swiper-pagination-slider-gallery-69ef7b4c5b094\"><\/div>\n\t\t\t<\/div>\n\t\t<\/div>\n\t<\/div>\n<\/div>\n\t\t\t\n\t\t<\/section>\n\t<\/div>\n\n\n\n<h2 class=\"wp-block-heading\">Prijzen en bijzondere deelnemers<\/h2>\n\n\n\n<p>Aan het eind van de dag werden verschillende prijzen uitgereikt. Zo was de oudste deelnemer 87 jaar, en de jongste 2. \u2018Dat vonden we zeker een bijzondere prestatie\u2019, aldus Joliene. \u2018Daarom hebben we hen na de finish in het zonnetje gezet.\u2019<\/p>\n\n\n\n<p>Daarnaast was er een prijs voor een persoon en voor twee teams met het hoogste sponsorbedrag. Zij ontvingen een JBL-speaker en een uitje voor 4 personen. Joliene: \u2018Een erg mooi gebaar van de Nationale Postcodeloterij, die alle prijzen gesponsord heeft.\u2019<\/p>\n\n\n\n\t\t\n\t<div id=\"anchor-68f2279a7bf88\" class=\"aligncenter\" data-name=\"acf\/block-slider-gallery\">\n\t\t<section class=\"flex flex-col gap-4\">\n\n\t\t\t\t\t\t\t<h2 class=\"screen-reader-text\">Een gallerij met 9 afbeeldingen<\/h2>\n\t\t\t\n\t\t\t\t\t\t\t<p class=\"screen-reader-text\">De gallerij geeft de afbeeldingen in een oneindige lus weer.<\/p>\n\t\t\t\n\t\t\t\t\t\t\t\t\t\t\t\n\t\t\t\t\n\t\t\t\t\n<div class=\"slider-gallery\">\n\t<div class=\"swiper\" data-async-module=\"slider-gallery\" data-config=\"{&quot;id&quot;:&quot;slider-gallery-69ef7b4c5e834&quot;,&quot;loop_slides&quot;:true}\">\n\t\t<div class=\"swiper-wrapper\">\n\t\t\t\t\t\t\t\t\t\t\t\t\t\t\t<div class=\"swiper-slide\" aria-hidden=\"true\" data-caption=\"Cordaid&#x20;Beach&#x20;Challenge&#x20;2025&#x3A;&#x20;deelnemer&#x20;krijgt&#x20;medaille&#x20;van&#x20;Cordaid&#x20;medewerker&#x20;-&#x20;Foto&#x3A;&#x20;Mickael&#x20;Franci\">\n\t\t\t\t\t<figure class=\"swiper-slide__item\">\n\n\t\t\t\t\t\t<img loading=\"lazy\" decoding=\"async\" width=\"1024\" height=\"681\" src=\"https:\/\/www.cordaid.org\/nl\/wp-content\/uploads\/2025\/10\/Cordaid-Beach-Challenge-2025-deelnemer-krijgt-medaille-van-Cordaid-medewerker-Foto-Mickael-Franci-1024x681.jpg?image-crop-positioner-ts=1760697990\" class=\"attachment-large size-large\" alt=\"Deelnemer Cordaid Beach Challenge 2025 krijgt medaille van Cordaid medewerker op strand in Scheveningen\" sizes=\"(max-width: 722px) 100vw, 722px\" srcset=\"https:\/\/www.cordaid.org\/nl\/wp-content\/uploads\/2025\/10\/Cordaid-Beach-Challenge-2025-deelnemer-krijgt-medaille-van-Cordaid-medewerker-Foto-Mickael-Franci-1024x681.jpg?image-crop-positioner-ts=1760697990 1024w, https:\/\/www.cordaid.org\/nl\/wp-content\/uploads\/2025\/10\/Cordaid-Beach-Challenge-2025-deelnemer-krijgt-medaille-van-Cordaid-medewerker-Foto-Mickael-Franci-300x200.jpg?image-crop-positioner-ts=1760697990 300w, https:\/\/www.cordaid.org\/nl\/wp-content\/uploads\/2025\/10\/Cordaid-Beach-Challenge-2025-deelnemer-krijgt-medaille-van-Cordaid-medewerker-Foto-Mickael-Franci-768x511.jpg?image-crop-positioner-ts=1760697990 768w, https:\/\/www.cordaid.org\/nl\/wp-content\/uploads\/2025\/10\/Cordaid-Beach-Challenge-2025-deelnemer-krijgt-medaille-van-Cordaid-medewerker-Foto-Mickael-Franci-1536x1022.jpg?image-crop-positioner-ts=1760697990 1536w, https:\/\/www.cordaid.org\/nl\/wp-content\/uploads\/2025\/10\/Cordaid-Beach-Challenge-2025-deelnemer-krijgt-medaille-van-Cordaid-medewerker-Foto-Mickael-Franci-2048x1363.jpg?image-crop-positioner-ts=1760697990 2048w, https:\/\/www.cordaid.org\/nl\/wp-content\/uploads\/2025\/10\/Cordaid-Beach-Challenge-2025-deelnemer-krijgt-medaille-van-Cordaid-medewerker-Foto-Mickael-Franci-160x106.jpg?image-crop-positioner-ts=1760697990 160w\" \/>\n\n\t\t\t\t\t\t\t\t\t\t\t\t\t<figcaption class=\"screen-reader-text\">Cordaid Beach Challenge 2025: deelnemer krijgt medaille van Cordaid medewerker &#8211; Foto: Mickael Franci<\/figcaption>\n\t\t\t\t\t\t\n\t\t\t\t\t<\/figure>\n\t\t\t\t<\/div>\n\t\t\t\t\t\t\t\t\t\t\t\t\t\t\t<div class=\"swiper-slide\" aria-hidden=\"true\" data-caption=\"Twee&#x20;jonge&#x20;wandelaars&#x20;Cordaid&#x20;Beach&#x20;Challenge&#x20;2025&#x20;blij&#x20;bij&#x20;finish&#x20;-&#x20;Foto&#x3A;&#x20;Mickael&#x20;Franci\">\n\t\t\t\t\t<figure class=\"swiper-slide__item\">\n\n\t\t\t\t\t\t<img loading=\"lazy\" decoding=\"async\" width=\"1024\" height=\"681\" src=\"https:\/\/www.cordaid.org\/nl\/wp-content\/uploads\/2025\/10\/Cordaid-Beach-Challenge-2025-twee-jonge-wandelaars-blij-bij-finish-Foto-Mickael-Franci-1024x681.jpg?image-crop-positioner-ts=1760698189\" class=\"attachment-large size-large\" alt=\"Twee jonge wandelaars Cordaid Beach Challenge 2025 blij bij finish\" sizes=\"(max-width: 722px) 100vw, 722px\" srcset=\"https:\/\/www.cordaid.org\/nl\/wp-content\/uploads\/2025\/10\/Cordaid-Beach-Challenge-2025-twee-jonge-wandelaars-blij-bij-finish-Foto-Mickael-Franci-1024x681.jpg?image-crop-positioner-ts=1760698189 1024w, https:\/\/www.cordaid.org\/nl\/wp-content\/uploads\/2025\/10\/Cordaid-Beach-Challenge-2025-twee-jonge-wandelaars-blij-bij-finish-Foto-Mickael-Franci-300x200.jpg?image-crop-positioner-ts=1760698189 300w, https:\/\/www.cordaid.org\/nl\/wp-content\/uploads\/2025\/10\/Cordaid-Beach-Challenge-2025-twee-jonge-wandelaars-blij-bij-finish-Foto-Mickael-Franci-768x511.jpg?image-crop-positioner-ts=1760698189 768w, https:\/\/www.cordaid.org\/nl\/wp-content\/uploads\/2025\/10\/Cordaid-Beach-Challenge-2025-twee-jonge-wandelaars-blij-bij-finish-Foto-Mickael-Franci-1536x1022.jpg?image-crop-positioner-ts=1760698189 1536w, https:\/\/www.cordaid.org\/nl\/wp-content\/uploads\/2025\/10\/Cordaid-Beach-Challenge-2025-twee-jonge-wandelaars-blij-bij-finish-Foto-Mickael-Franci-2048x1363.jpg?image-crop-positioner-ts=1760698189 2048w, https:\/\/www.cordaid.org\/nl\/wp-content\/uploads\/2025\/10\/Cordaid-Beach-Challenge-2025-twee-jonge-wandelaars-blij-bij-finish-Foto-Mickael-Franci-160x106.jpg?image-crop-positioner-ts=1760698189 160w\" \/>\n\n\t\t\t\t\t\t\t\t\t\t\t\t\t<figcaption class=\"screen-reader-text\">Twee jonge wandelaars Cordaid Beach Challenge 2025 blij bij finish &#8211; Foto: Mickael Franci<\/figcaption>\n\t\t\t\t\t\t\n\t\t\t\t\t<\/figure>\n\t\t\t\t<\/div>\n\t\t\t\t\t\t\t\t\t\t\t\t\t\t\t<div class=\"swiper-slide\" aria-hidden=\"true\" data-caption=\"Deelnemers&#x20;Cordaid&#x20;Beach&#x20;Challenge&#x20;2025&#x20;laten&#x20;blij&#x20;medaille&#x20;zien&#x20;bij&#x20;finish&#x20;-&#x20;Foto&#x3A;&#x20;Mickael&#x20;Franci\">\n\t\t\t\t\t<figure class=\"swiper-slide__item\">\n\n\t\t\t\t\t\t<img loading=\"lazy\" decoding=\"async\" width=\"1024\" height=\"681\" src=\"https:\/\/www.cordaid.org\/nl\/wp-content\/uploads\/2025\/10\/Cordaid-Beach-Challenge-2025-deelnemers-laten-blij-medaille-zien-bij-finish-Foto-Mickael-Franci-1024x681.jpg?image-crop-positioner-ts=1760698017\" class=\"attachment-large size-large\" alt=\"Deelnemers Cordaid Beach Challenge 2025 laten blij medaille zien bij finish\" sizes=\"(max-width: 722px) 100vw, 722px\" srcset=\"https:\/\/www.cordaid.org\/nl\/wp-content\/uploads\/2025\/10\/Cordaid-Beach-Challenge-2025-deelnemers-laten-blij-medaille-zien-bij-finish-Foto-Mickael-Franci-1024x681.jpg?image-crop-positioner-ts=1760698017 1024w, https:\/\/www.cordaid.org\/nl\/wp-content\/uploads\/2025\/10\/Cordaid-Beach-Challenge-2025-deelnemers-laten-blij-medaille-zien-bij-finish-Foto-Mickael-Franci-300x200.jpg?image-crop-positioner-ts=1760698017 300w, https:\/\/www.cordaid.org\/nl\/wp-content\/uploads\/2025\/10\/Cordaid-Beach-Challenge-2025-deelnemers-laten-blij-medaille-zien-bij-finish-Foto-Mickael-Franci-768x511.jpg?image-crop-positioner-ts=1760698017 768w, https:\/\/www.cordaid.org\/nl\/wp-content\/uploads\/2025\/10\/Cordaid-Beach-Challenge-2025-deelnemers-laten-blij-medaille-zien-bij-finish-Foto-Mickael-Franci-1536x1022.jpg?image-crop-positioner-ts=1760698017 1536w, https:\/\/www.cordaid.org\/nl\/wp-content\/uploads\/2025\/10\/Cordaid-Beach-Challenge-2025-deelnemers-laten-blij-medaille-zien-bij-finish-Foto-Mickael-Franci-2048x1363.jpg?image-crop-positioner-ts=1760698017 2048w, https:\/\/www.cordaid.org\/nl\/wp-content\/uploads\/2025\/10\/Cordaid-Beach-Challenge-2025-deelnemers-laten-blij-medaille-zien-bij-finish-Foto-Mickael-Franci-160x106.jpg?image-crop-positioner-ts=1760698017 160w\" \/>\n\n\t\t\t\t\t\t\t\t\t\t\t\t\t<figcaption class=\"screen-reader-text\">Deelnemers Cordaid Beach Challenge 2025 laten blij medaille zien bij finish &#8211; Foto: Mickael Franci<\/figcaption>\n\t\t\t\t\t\t\n\t\t\t\t\t<\/figure>\n\t\t\t\t<\/div>\n\t\t\t\t\t\t\t\t\t\t\t\t\t\t\t<div class=\"swiper-slide\" aria-hidden=\"true\" data-caption=\"Presentator&#x20;Edwin&#x20;Koene&#x20;interviewt&#x20;deelnemer&#x20;die&#x20;als&#x20;eerste&#x20;binnenkwam&#x20;bij&#x20;finish&#x20;bij&#x20;Cordaid&#x20;Beach&#x20;Challenge&#x20;2025.&#x20;Foto&#x3A;&#x20;Mickael&#x20;Franci\">\n\t\t\t\t\t<figure class=\"swiper-slide__item\">\n\n\t\t\t\t\t\t<img loading=\"lazy\" decoding=\"async\" width=\"1024\" height=\"681\" src=\"https:\/\/www.cordaid.org\/nl\/wp-content\/uploads\/2025\/10\/Cordaid-Beach-Challenge-2025-presentator-Edwin-Koene-interviewt-deelnemer-Foto-Mickael-Franci-1024x681.jpg?image-crop-positioner-ts=1760698160\" class=\"attachment-large size-large\" alt=\"Cordaid Beach Challenge 2025: presentator Edwin Koene interviewt deelnemer op een podium op het strand\" sizes=\"(max-width: 722px) 100vw, 722px\" srcset=\"https:\/\/www.cordaid.org\/nl\/wp-content\/uploads\/2025\/10\/Cordaid-Beach-Challenge-2025-presentator-Edwin-Koene-interviewt-deelnemer-Foto-Mickael-Franci-1024x681.jpg?image-crop-positioner-ts=1760698160 1024w, https:\/\/www.cordaid.org\/nl\/wp-content\/uploads\/2025\/10\/Cordaid-Beach-Challenge-2025-presentator-Edwin-Koene-interviewt-deelnemer-Foto-Mickael-Franci-300x200.jpg?image-crop-positioner-ts=1760698160 300w, https:\/\/www.cordaid.org\/nl\/wp-content\/uploads\/2025\/10\/Cordaid-Beach-Challenge-2025-presentator-Edwin-Koene-interviewt-deelnemer-Foto-Mickael-Franci-768x511.jpg?image-crop-positioner-ts=1760698160 768w, https:\/\/www.cordaid.org\/nl\/wp-content\/uploads\/2025\/10\/Cordaid-Beach-Challenge-2025-presentator-Edwin-Koene-interviewt-deelnemer-Foto-Mickael-Franci-1536x1022.jpg?image-crop-positioner-ts=1760698160 1536w, https:\/\/www.cordaid.org\/nl\/wp-content\/uploads\/2025\/10\/Cordaid-Beach-Challenge-2025-presentator-Edwin-Koene-interviewt-deelnemer-Foto-Mickael-Franci-2048x1363.jpg?image-crop-positioner-ts=1760698160 2048w, https:\/\/www.cordaid.org\/nl\/wp-content\/uploads\/2025\/10\/Cordaid-Beach-Challenge-2025-presentator-Edwin-Koene-interviewt-deelnemer-Foto-Mickael-Franci-160x106.jpg?image-crop-positioner-ts=1760698160 160w\" \/>\n\n\t\t\t\t\t\t\t\t\t\t\t\t\t<figcaption class=\"screen-reader-text\">Presentator Edwin Koene interviewt deelnemer die als eerste binnenkwam bij finish bij Cordaid Beach Challenge 2025. Foto: Mickael Franci<\/figcaption>\n\t\t\t\t\t\t\n\t\t\t\t\t<\/figure>\n\t\t\t\t<\/div>\n\t\t\t\t\t\t\t\t\t\t\t\t\t\t\t<div class=\"swiper-slide\" aria-hidden=\"true\" data-caption=\"Vader&#x20;met&#x20;zoon&#x20;op&#x20;rug&#x20;bij&#x20;finish&#x20;Cordaid&#x20;Beach&#x20;Challenge&#x20;2025,&#x20;krijgen&#x20;medaille&#x20;van&#x20;presentator&#x20;Edwin&#x20;Koene&#x20;-&#x20;Foto&#x3A;&#x20;Mickael&#x20;Franci\">\n\t\t\t\t\t<figure class=\"swiper-slide__item\">\n\n\t\t\t\t\t\t<img loading=\"lazy\" decoding=\"async\" width=\"1024\" height=\"681\" src=\"https:\/\/www.cordaid.org\/nl\/wp-content\/uploads\/2025\/10\/Cordaid-Beach-Challenge-2025-vader-met-zoon-op-rug-krijgen-medaille-Foto-Mickael-Franci-1024x681.jpg?image-crop-positioner-ts=1760698202\" class=\"attachment-large size-large\" alt=\"Vader met zoon op rug bij finish Cordaid Beach Challenge 2025, krijgen medaille van presentator Edwin Koene\" sizes=\"(max-width: 722px) 100vw, 722px\" srcset=\"https:\/\/www.cordaid.org\/nl\/wp-content\/uploads\/2025\/10\/Cordaid-Beach-Challenge-2025-vader-met-zoon-op-rug-krijgen-medaille-Foto-Mickael-Franci-1024x681.jpg?image-crop-positioner-ts=1760698202 1024w, https:\/\/www.cordaid.org\/nl\/wp-content\/uploads\/2025\/10\/Cordaid-Beach-Challenge-2025-vader-met-zoon-op-rug-krijgen-medaille-Foto-Mickael-Franci-300x200.jpg?image-crop-positioner-ts=1760698202 300w, https:\/\/www.cordaid.org\/nl\/wp-content\/uploads\/2025\/10\/Cordaid-Beach-Challenge-2025-vader-met-zoon-op-rug-krijgen-medaille-Foto-Mickael-Franci-768x511.jpg?image-crop-positioner-ts=1760698202 768w, https:\/\/www.cordaid.org\/nl\/wp-content\/uploads\/2025\/10\/Cordaid-Beach-Challenge-2025-vader-met-zoon-op-rug-krijgen-medaille-Foto-Mickael-Franci-1536x1022.jpg?image-crop-positioner-ts=1760698202 1536w, https:\/\/www.cordaid.org\/nl\/wp-content\/uploads\/2025\/10\/Cordaid-Beach-Challenge-2025-vader-met-zoon-op-rug-krijgen-medaille-Foto-Mickael-Franci-2048x1363.jpg?image-crop-positioner-ts=1760698202 2048w, https:\/\/www.cordaid.org\/nl\/wp-content\/uploads\/2025\/10\/Cordaid-Beach-Challenge-2025-vader-met-zoon-op-rug-krijgen-medaille-Foto-Mickael-Franci-160x106.jpg?image-crop-positioner-ts=1760698202 160w\" \/>\n\n\t\t\t\t\t\t\t\t\t\t\t\t\t<figcaption class=\"screen-reader-text\">Vader met zoon op rug bij finish Cordaid Beach Challenge 2025, krijgen medaille van presentator Edwin Koene &#8211; Foto: Mickael Franci<\/figcaption>\n\t\t\t\t\t\t\n\t\t\t\t\t<\/figure>\n\t\t\t\t<\/div>\n\t\t\t\t\t\t\t\t\t\t\t\t\t\t\t<div class=\"swiper-slide\" aria-hidden=\"true\" data-caption=\"Hella&#x20;van&#x20;der&#x20;Wijst&#x20;en&#x20;Edwin&#x20;Koene&#x20;openen&#x20;Cordaid&#x20;Beach&#x20;Challenge&#x20;2025&#x20;-&#x20;Foto&#x3A;&#x20;Mickael&#x20;Franci\">\n\t\t\t\t\t<figure class=\"swiper-slide__item\">\n\n\t\t\t\t\t\t<img loading=\"lazy\" decoding=\"async\" width=\"1024\" height=\"681\" src=\"https:\/\/www.cordaid.org\/nl\/wp-content\/uploads\/2025\/10\/Cordaid-Beach-Challenge-2025-Hella-en-Edwin-opening-Foto-Mickael-Franci-1024x681.jpg?image-crop-positioner-ts=1760698105\" class=\"attachment-large size-large\" alt=\"Hella van der Wijst en Edwin Koene openen Cordaid Beach Challenge 2025 - Foto: Mickael Franci\" sizes=\"(max-width: 722px) 100vw, 722px\" srcset=\"https:\/\/www.cordaid.org\/nl\/wp-content\/uploads\/2025\/10\/Cordaid-Beach-Challenge-2025-Hella-en-Edwin-opening-Foto-Mickael-Franci-1024x681.jpg?image-crop-positioner-ts=1760698105 1024w, https:\/\/www.cordaid.org\/nl\/wp-content\/uploads\/2025\/10\/Cordaid-Beach-Challenge-2025-Hella-en-Edwin-opening-Foto-Mickael-Franci-300x200.jpg?image-crop-positioner-ts=1760698105 300w, https:\/\/www.cordaid.org\/nl\/wp-content\/uploads\/2025\/10\/Cordaid-Beach-Challenge-2025-Hella-en-Edwin-opening-Foto-Mickael-Franci-768x511.jpg?image-crop-positioner-ts=1760698105 768w, https:\/\/www.cordaid.org\/nl\/wp-content\/uploads\/2025\/10\/Cordaid-Beach-Challenge-2025-Hella-en-Edwin-opening-Foto-Mickael-Franci-1536x1022.jpg?image-crop-positioner-ts=1760698105 1536w, https:\/\/www.cordaid.org\/nl\/wp-content\/uploads\/2025\/10\/Cordaid-Beach-Challenge-2025-Hella-en-Edwin-opening-Foto-Mickael-Franci-2048x1363.jpg?image-crop-positioner-ts=1760698105 2048w, https:\/\/www.cordaid.org\/nl\/wp-content\/uploads\/2025\/10\/Cordaid-Beach-Challenge-2025-Hella-en-Edwin-opening-Foto-Mickael-Franci-160x106.jpg?image-crop-positioner-ts=1760698105 160w\" \/>\n\n\t\t\t\t\t\t\t\t\t\t\t\t\t<figcaption class=\"screen-reader-text\">Hella van der Wijst en Edwin Koene openen Cordaid Beach Challenge 2025 &#8211; Foto: Mickael Franci<\/figcaption>\n\t\t\t\t\t\t\n\t\t\t\t\t<\/figure>\n\t\t\t\t<\/div>\n\t\t\t\t\t\t\t\t\t\t\t\t\t\t\t<div class=\"swiper-slide\" aria-hidden=\"true\" data-caption=\"Hella&#x20;van&#x20;der&#x20;Wijst&#x20;interviewt&#x20;deelnemer&#x20;&#x20;Cordaid&#x20;Beach&#x20;Challenge&#x20;2025&#x20;bij&#x20;Manta&#x20;Beach&#x20;-&#x20;Foto&#x20;Mickael&#x20;Franci\">\n\t\t\t\t\t<figure class=\"swiper-slide__item\">\n\n\t\t\t\t\t\t<img loading=\"lazy\" decoding=\"async\" width=\"1024\" height=\"681\" src=\"https:\/\/www.cordaid.org\/nl\/wp-content\/uploads\/2025\/10\/Cordaid-Beach-Challenge-2025-Hella-van-der-Wijst-interviewt-deelnemers-Foto-Mickael-Franci-1024x681.jpg?image-crop-positioner-ts=1760698119\" class=\"attachment-large size-large\" alt=\"\" sizes=\"(max-width: 722px) 100vw, 722px\" srcset=\"https:\/\/www.cordaid.org\/nl\/wp-content\/uploads\/2025\/10\/Cordaid-Beach-Challenge-2025-Hella-van-der-Wijst-interviewt-deelnemers-Foto-Mickael-Franci-1024x681.jpg?image-crop-positioner-ts=1760698119 1024w, https:\/\/www.cordaid.org\/nl\/wp-content\/uploads\/2025\/10\/Cordaid-Beach-Challenge-2025-Hella-van-der-Wijst-interviewt-deelnemers-Foto-Mickael-Franci-300x200.jpg?image-crop-positioner-ts=1760698119 300w, https:\/\/www.cordaid.org\/nl\/wp-content\/uploads\/2025\/10\/Cordaid-Beach-Challenge-2025-Hella-van-der-Wijst-interviewt-deelnemers-Foto-Mickael-Franci-768x511.jpg?image-crop-positioner-ts=1760698119 768w, https:\/\/www.cordaid.org\/nl\/wp-content\/uploads\/2025\/10\/Cordaid-Beach-Challenge-2025-Hella-van-der-Wijst-interviewt-deelnemers-Foto-Mickael-Franci-1536x1022.jpg?image-crop-positioner-ts=1760698119 1536w, https:\/\/www.cordaid.org\/nl\/wp-content\/uploads\/2025\/10\/Cordaid-Beach-Challenge-2025-Hella-van-der-Wijst-interviewt-deelnemers-Foto-Mickael-Franci-2048x1363.jpg?image-crop-positioner-ts=1760698119 2048w, https:\/\/www.cordaid.org\/nl\/wp-content\/uploads\/2025\/10\/Cordaid-Beach-Challenge-2025-Hella-van-der-Wijst-interviewt-deelnemers-Foto-Mickael-Franci-160x106.jpg?image-crop-positioner-ts=1760698119 160w\" \/>\n\n\t\t\t\t\t\t\t\t\t\t\t\t\t<figcaption class=\"screen-reader-text\">Hella van der Wijst interviewt deelnemer  Cordaid Beach Challenge 2025 bij Manta Beach &#8211; Foto Mickael Franci<\/figcaption>\n\t\t\t\t\t\t\n\t\t\t\t\t<\/figure>\n\t\t\t\t<\/div>\n\t\t\t\t\t\t\t\t\t\t\t\t\t\t\t<div class=\"swiper-slide\" aria-hidden=\"true\" data-caption=\"Directeur&#x20;Cordaid&#x20;Heleen&#x20;van&#x20;den&#x20;Berg&#x20;geeft&#x20;jonge&#x20;deelnemer&#x20;Cordaid&#x20;Beach&#x20;Challenge&#x20;2025&#x20;een&#x20;medaille&#x20;-&#x20;Foto&#x3A;&#x20;Mickael&#x20;Franci\">\n\t\t\t\t\t<figure class=\"swiper-slide__item\">\n\n\t\t\t\t\t\t<img loading=\"lazy\" decoding=\"async\" width=\"1024\" height=\"681\" src=\"https:\/\/www.cordaid.org\/nl\/wp-content\/uploads\/2025\/10\/Cordaid-Beach-Challenge-2025-directeur-Heleen-van-den-Berg-geeft-jonge-deelnemer-een-medaille-Foto-Mickael-Franci-1024x681.jpg?image-crop-positioner-ts=1760698090\" class=\"attachment-large size-large\" alt=\"Directeur Cordaid Heleen van den Berg geeft jonge deelnemer Cordaid Beach Challenge 2025 een medaille - Foto: Mickael Franci\" sizes=\"(max-width: 722px) 100vw, 722px\" srcset=\"https:\/\/www.cordaid.org\/nl\/wp-content\/uploads\/2025\/10\/Cordaid-Beach-Challenge-2025-directeur-Heleen-van-den-Berg-geeft-jonge-deelnemer-een-medaille-Foto-Mickael-Franci-1024x681.jpg?image-crop-positioner-ts=1760698090 1024w, https:\/\/www.cordaid.org\/nl\/wp-content\/uploads\/2025\/10\/Cordaid-Beach-Challenge-2025-directeur-Heleen-van-den-Berg-geeft-jonge-deelnemer-een-medaille-Foto-Mickael-Franci-300x200.jpg?image-crop-positioner-ts=1760698090 300w, https:\/\/www.cordaid.org\/nl\/wp-content\/uploads\/2025\/10\/Cordaid-Beach-Challenge-2025-directeur-Heleen-van-den-Berg-geeft-jonge-deelnemer-een-medaille-Foto-Mickael-Franci-768x511.jpg?image-crop-positioner-ts=1760698090 768w, https:\/\/www.cordaid.org\/nl\/wp-content\/uploads\/2025\/10\/Cordaid-Beach-Challenge-2025-directeur-Heleen-van-den-Berg-geeft-jonge-deelnemer-een-medaille-Foto-Mickael-Franci-1536x1022.jpg?image-crop-positioner-ts=1760698090 1536w, https:\/\/www.cordaid.org\/nl\/wp-content\/uploads\/2025\/10\/Cordaid-Beach-Challenge-2025-directeur-Heleen-van-den-Berg-geeft-jonge-deelnemer-een-medaille-Foto-Mickael-Franci-2048x1363.jpg?image-crop-positioner-ts=1760698090 2048w, https:\/\/www.cordaid.org\/nl\/wp-content\/uploads\/2025\/10\/Cordaid-Beach-Challenge-2025-directeur-Heleen-van-den-Berg-geeft-jonge-deelnemer-een-medaille-Foto-Mickael-Franci-160x106.jpg?image-crop-positioner-ts=1760698090 160w\" \/>\n\n\t\t\t\t\t\t\t\t\t\t\t\t\t<figcaption class=\"screen-reader-text\">Directeur Cordaid Heleen van den Berg geeft jonge deelnemer Cordaid Beach Challenge 2025 een medaille &#8211; Foto: Mickael Franci<\/figcaption>\n\t\t\t\t\t\t\n\t\t\t\t\t<\/figure>\n\t\t\t\t<\/div>\n\t\t\t\t\t\t\t\t\t\t\t\t\t\t\t<div class=\"swiper-slide\" aria-hidden=\"true\" data-caption=\"Medaille&#x20;Cordaid&#x20;Beach&#x20;Challenge&#x20;2025&#x20;-&#x20;Foto&#x3A;&#x20;Mickael&#x20;Franci\">\n\t\t\t\t\t<figure class=\"swiper-slide__item\">\n\n\t\t\t\t\t\t<img loading=\"lazy\" decoding=\"async\" width=\"1024\" height=\"681\" src=\"https:\/\/www.cordaid.org\/nl\/wp-content\/uploads\/2025\/10\/Cordaid-Beach-Challenge-2025-medaille-Photo-by-Mickael-Franci-for-Cordaid-162-1024x681.jpg?image-crop-positioner-ts=1760698134\" class=\"attachment-large size-large\" alt=\"Hand met medaille Cordaid Beach Challenge 2025\" sizes=\"(max-width: 722px) 100vw, 722px\" srcset=\"https:\/\/www.cordaid.org\/nl\/wp-content\/uploads\/2025\/10\/Cordaid-Beach-Challenge-2025-medaille-Photo-by-Mickael-Franci-for-Cordaid-162-1024x681.jpg?image-crop-positioner-ts=1760698134 1024w, https:\/\/www.cordaid.org\/nl\/wp-content\/uploads\/2025\/10\/Cordaid-Beach-Challenge-2025-medaille-Photo-by-Mickael-Franci-for-Cordaid-162-300x200.jpg?image-crop-positioner-ts=1760698134 300w, https:\/\/www.cordaid.org\/nl\/wp-content\/uploads\/2025\/10\/Cordaid-Beach-Challenge-2025-medaille-Photo-by-Mickael-Franci-for-Cordaid-162-768x511.jpg?image-crop-positioner-ts=1760698134 768w, https:\/\/www.cordaid.org\/nl\/wp-content\/uploads\/2025\/10\/Cordaid-Beach-Challenge-2025-medaille-Photo-by-Mickael-Franci-for-Cordaid-162-1536x1022.jpg?image-crop-positioner-ts=1760698134 1536w, https:\/\/www.cordaid.org\/nl\/wp-content\/uploads\/2025\/10\/Cordaid-Beach-Challenge-2025-medaille-Photo-by-Mickael-Franci-for-Cordaid-162-2048x1363.jpg?image-crop-positioner-ts=1760698134 2048w, https:\/\/www.cordaid.org\/nl\/wp-content\/uploads\/2025\/10\/Cordaid-Beach-Challenge-2025-medaille-Photo-by-Mickael-Franci-for-Cordaid-162-160x106.jpg?image-crop-positioner-ts=1760698134 160w\" \/>\n\n\t\t\t\t\t\t\t\t\t\t\t\t\t<figcaption class=\"screen-reader-text\">Medaille Cordaid Beach Challenge 2025 &#8211; Foto: Mickael Franci<\/figcaption>\n\t\t\t\t\t\t\n\t\t\t\t\t<\/figure>\n\t\t\t\t<\/div>\n\t\t\t\t\t<\/div>\n\t<\/div>\n\n\t<div class=\"slider-gallery__meta\">\n\t\t<div class=\"slider-gallery__caption\" aria-hidden=\"true\">\n\t\t\t<div class=\"js-slider-caption\"><\/div>\n\t\t<\/div>\n\n\t\t<div class=\"slider-gallery__nav\">\n\t\t\t<span class=\"screen-reader-text\">Gallerij navigatie<\/span>\n\t\t\t<div class=\"slider-gallery__arrows\">\n\t\t\t\t<span class=\"screen-reader-text\">Gallerij navigatie pijlen<\/span>\n\t\t\t\t<div class=\"slider-gallery__prev\">\n\t\t\t\t\t\n\n\n<button\n\tclass=\"btn btn--primary&#x20;btn--square&#x20;btn--small&#x20;js-swiper-prev-slider-gallery-69ef7b4c5e834 \"\n\t\t\t\t\t\t\t\taria-label=\"Ga&#x20;naar&#x20;vorige&#x20;afbeelding\"\n\t\t\t\t\t\t>\n\t\n\t\n\t\t\t\t\t\t<span class=\"btn__icon\">\n\t\t\t<span class=\"icon-inline icon-arrow-left\" aria-hidden=\"true\"><svg width=\"24\" height=\"24\" viewBox=\"0 0 24 24\" fill=\"none\" xmlns=\"http:\/\/www.w3.org\/2000\/svg\"><path d=\"M20 12.961a.404.404 0 0 1-.404.405H9.268l4.397 4.397a.405.405 0 0 1 0 .572l-1.379 1.379a.405.405 0 0 1-.572 0l-7.428-7.428a.404.404 0 0 1 0-.572l7.428-7.428a.404.404 0 0 1 .572 0l1.38 1.38a.405.405 0 0 1 0 .571l-4.398 4.397h10.328c.223 0 .404.181.404.405v1.922Z\" fill=\"#1A1A1A\"\/><\/svg>\n<\/span>\n\n\t\t\t\t\t<\/span>\n\t\n\t<\/button>\n\t\t\t\t<\/div>\n\t\t\t\t<div class=\"slider-gallery__next\">\n\t\t\t\t\t\n\n\n<button\n\tclass=\"btn btn--primary&#x20;btn--square&#x20;btn--small&#x20;btn--no-right-arrow-transition&#x20;js-swiper-next-slider-gallery-69ef7b4c5e834 \"\n\t\t\t\t\t\t\t\taria-label=\"Ga&#x20;naar&#x20;volgende&#x20;afbeelding\"\n\t\t\t\t\t\t>\n\t\n\t\n\t\t\t\t\t\t<span class=\"btn__icon\">\n\t\t\t<span class=\"icon-inline icon-arrow-right\" aria-hidden=\"true\"><svg width=\"24\" height=\"24\" viewBox=\"0 0 24 24\" fill=\"none\" xmlns=\"http:\/\/www.w3.org\/2000\/svg\"><path d=\"M4 12.961c0 .224.181.405.404.405h10.328l-4.397 4.397a.405.405 0 0 0 0 .572l1.379 1.379a.405.405 0 0 0 .572 0l7.428-7.428a.405.405 0 0 0 0-.572l-7.428-7.428a.404.404 0 0 0-.572 0l-1.38 1.38a.405.405 0 0 0 0 .571l4.398 4.397H4.404A.404.404 0 0 0 4 11.04v1.922Z\" fill=\"#1A1A1A\"\/><\/svg>\n<\/span>\n\n\t\t\t\t\t<\/span>\n\t\n\t<\/button>\n\t\t\t\t<\/div>\n\t\t\t<\/div>\n\t\t\t<div class=\"slider-gallery__pagination\">\n\t\t\t\t<div class=\"swiper-pagination js-swiper-pagination-slider-gallery-69ef7b4c5e834\"><\/div>\n\t\t\t<\/div>\n\t\t<\/div>\n\t<\/div>\n<\/div>\n\t\t\t\n\t\t<\/section>\n\t<\/div>\n\n\n\n<h2 class=\"wp-block-heading\">Dank aan iedereen die meeliep<\/h2>\n\n\n\n<p>Cordaid bedankt alle deelnemers, teams, sponsors en vrijwilligers voor hun enorme inzet en betrokkenheid. Dankzij jullie kunnen we samen impact maken voor mensen als Shenita, Betty en Chanceline. Stap voor stap.<\/p>\n\n\n\n\t\t\n\t<div id=\"anchor-68f2279a7bfc5\" class=\"aligncenter\" data-name=\"acf\/block-slider-gallery\">\n\t\t<section class=\"flex flex-col gap-4\">\n\n\t\t\t\t\t\t\t<h2 class=\"screen-reader-text\">Een gallerij met 9 afbeeldingen<\/h2>\n\t\t\t\n\t\t\t\t\t\t\t<p class=\"screen-reader-text\">De gallerij geeft de afbeeldingen in een oneindige lus weer.<\/p>\n\t\t\t\n\t\t\t\t\t\t\t\t\t\t\t\n\t\t\t\t\n\t\t\t\t\n<div class=\"slider-gallery\">\n\t<div class=\"swiper\" data-async-module=\"slider-gallery\" data-config=\"{&quot;id&quot;:&quot;slider-gallery-69ef7b4c6095b&quot;,&quot;loop_slides&quot;:true}\">\n\t\t<div class=\"swiper-wrapper\">\n\t\t\t\t\t\t\t\t\t\t\t\t\t\t\t<div class=\"swiper-slide\" aria-hidden=\"true\" data-caption=\"Warming&#x20;up&#x20;door&#x20;Dance&#x20;Imprint&#x20;op&#x20;Cordaid&#x20;Beach&#x20;Challenge&#x20;2025&#x20;-&#x20;Foto&#x3A;&#x20;Mickael&#x20;Franci\">\n\t\t\t\t\t<figure class=\"swiper-slide__item\">\n\n\t\t\t\t\t\t<img loading=\"lazy\" decoding=\"async\" width=\"1024\" height=\"681\" src=\"https:\/\/www.cordaid.org\/nl\/wp-content\/uploads\/2025\/10\/Cordaid-Beach-Challenge-2025-Warming-up-door-Dance-Imprint-Foto-Mickael-Franci-1024x681.jpg?image-crop-positioner-ts=1760697952\" class=\"attachment-large size-large\" alt=\"Warming up door Dance Imprint op Cordaid Beach Challenge 2025 - Foto: Mickael Franci\" sizes=\"(max-width: 722px) 100vw, 722px\" srcset=\"https:\/\/www.cordaid.org\/nl\/wp-content\/uploads\/2025\/10\/Cordaid-Beach-Challenge-2025-Warming-up-door-Dance-Imprint-Foto-Mickael-Franci-1024x681.jpg?image-crop-positioner-ts=1760697952 1024w, https:\/\/www.cordaid.org\/nl\/wp-content\/uploads\/2025\/10\/Cordaid-Beach-Challenge-2025-Warming-up-door-Dance-Imprint-Foto-Mickael-Franci-300x200.jpg?image-crop-positioner-ts=1760697952 300w, https:\/\/www.cordaid.org\/nl\/wp-content\/uploads\/2025\/10\/Cordaid-Beach-Challenge-2025-Warming-up-door-Dance-Imprint-Foto-Mickael-Franci-768x511.jpg?image-crop-positioner-ts=1760697952 768w, https:\/\/www.cordaid.org\/nl\/wp-content\/uploads\/2025\/10\/Cordaid-Beach-Challenge-2025-Warming-up-door-Dance-Imprint-Foto-Mickael-Franci-1536x1022.jpg?image-crop-positioner-ts=1760697952 1536w, https:\/\/www.cordaid.org\/nl\/wp-content\/uploads\/2025\/10\/Cordaid-Beach-Challenge-2025-Warming-up-door-Dance-Imprint-Foto-Mickael-Franci-2048x1363.jpg?image-crop-positioner-ts=1760697952 2048w, https:\/\/www.cordaid.org\/nl\/wp-content\/uploads\/2025\/10\/Cordaid-Beach-Challenge-2025-Warming-up-door-Dance-Imprint-Foto-Mickael-Franci-160x106.jpg?image-crop-positioner-ts=1760697952 160w\" \/>\n\n\t\t\t\t\t\t\t\t\t\t\t\t\t<figcaption class=\"screen-reader-text\">Warming up door Dance Imprint op Cordaid Beach Challenge 2025 &#8211; Foto: Mickael Franci<\/figcaption>\n\t\t\t\t\t\t\n\t\t\t\t\t<\/figure>\n\t\t\t\t<\/div>\n\t\t\t\t\t\t\t\t\t\t\t\t\t\t\t<div class=\"swiper-slide\" aria-hidden=\"true\" data-caption=\"Deelnemers&#x20;Cordaid&#x20;Beach&#x20;Challenge&#x20;2025&#x20;gaan&#x20;van&#x20;start&#x20;bij&#x20;Manta&#x20;Beach\">\n\t\t\t\t\t<figure class=\"swiper-slide__item\">\n\n\t\t\t\t\t\t<img loading=\"lazy\" decoding=\"async\" width=\"1024\" height=\"681\" src=\"https:\/\/www.cordaid.org\/nl\/wp-content\/uploads\/2025\/10\/Cordaid-Beach-Challenge-2025-deelnemers-bij-start-bij-Manta-Beach-Foto-Mickael-Franci-1024x681.jpg?image-crop-positioner-ts=1760698001\" class=\"attachment-large size-large\" alt=\"Deelnemers gaan op pad bij start Cordaid Beach Challenge 2025\" sizes=\"(max-width: 722px) 100vw, 722px\" srcset=\"https:\/\/www.cordaid.org\/nl\/wp-content\/uploads\/2025\/10\/Cordaid-Beach-Challenge-2025-deelnemers-bij-start-bij-Manta-Beach-Foto-Mickael-Franci-1024x681.jpg?image-crop-positioner-ts=1760698001 1024w, https:\/\/www.cordaid.org\/nl\/wp-content\/uploads\/2025\/10\/Cordaid-Beach-Challenge-2025-deelnemers-bij-start-bij-Manta-Beach-Foto-Mickael-Franci-300x200.jpg?image-crop-positioner-ts=1760698001 300w, https:\/\/www.cordaid.org\/nl\/wp-content\/uploads\/2025\/10\/Cordaid-Beach-Challenge-2025-deelnemers-bij-start-bij-Manta-Beach-Foto-Mickael-Franci-768x511.jpg?image-crop-positioner-ts=1760698001 768w, https:\/\/www.cordaid.org\/nl\/wp-content\/uploads\/2025\/10\/Cordaid-Beach-Challenge-2025-deelnemers-bij-start-bij-Manta-Beach-Foto-Mickael-Franci-1536x1022.jpg?image-crop-positioner-ts=1760698001 1536w, https:\/\/www.cordaid.org\/nl\/wp-content\/uploads\/2025\/10\/Cordaid-Beach-Challenge-2025-deelnemers-bij-start-bij-Manta-Beach-Foto-Mickael-Franci-2048x1363.jpg?image-crop-positioner-ts=1760698001 2048w, https:\/\/www.cordaid.org\/nl\/wp-content\/uploads\/2025\/10\/Cordaid-Beach-Challenge-2025-deelnemers-bij-start-bij-Manta-Beach-Foto-Mickael-Franci-160x106.jpg?image-crop-positioner-ts=1760698001 160w\" \/>\n\n\t\t\t\t\t\t\t\t\t\t\t\t\t<figcaption class=\"screen-reader-text\">Deelnemers Cordaid Beach Challenge 2025 gaan van start bij Manta Beach<\/figcaption>\n\t\t\t\t\t\t\n\t\t\t\t\t<\/figure>\n\t\t\t\t<\/div>\n\t\t\t\t\t\t\t\t\t\t\t\t\t\t\t<div class=\"swiper-slide\" aria-hidden=\"true\" data-caption=\"Deelnemers&#x20;Cordaid&#x20;Beach&#x20;Challenge&#x20;2025&#x20;stappen&#x20;door&#x20;in&#x20;duinen&#x20;van&#x20;Scheveningen&#x20;-&#x20;Foto&#x3A;&#x20;Mickael&#x20;Franci\">\n\t\t\t\t\t<figure class=\"swiper-slide__item\">\n\n\t\t\t\t\t\t<img loading=\"lazy\" decoding=\"async\" width=\"1024\" height=\"681\" src=\"https:\/\/www.cordaid.org\/nl\/wp-content\/uploads\/2025\/10\/Cordaid-Beach-Challenge-2025-deelnemers-stappen-door-in-duinen-Foto-Mickael-Franci-1024x681.jpg?image-crop-positioner-ts=1760698077\" class=\"attachment-large size-large\" alt=\"Deelnemers Cordaid Beach Challenge 2025 stappen door in duinen van Scheveningen\" sizes=\"(max-width: 722px) 100vw, 722px\" srcset=\"https:\/\/www.cordaid.org\/nl\/wp-content\/uploads\/2025\/10\/Cordaid-Beach-Challenge-2025-deelnemers-stappen-door-in-duinen-Foto-Mickael-Franci-1024x681.jpg?image-crop-positioner-ts=1760698077 1024w, https:\/\/www.cordaid.org\/nl\/wp-content\/uploads\/2025\/10\/Cordaid-Beach-Challenge-2025-deelnemers-stappen-door-in-duinen-Foto-Mickael-Franci-300x200.jpg?image-crop-positioner-ts=1760698077 300w, https:\/\/www.cordaid.org\/nl\/wp-content\/uploads\/2025\/10\/Cordaid-Beach-Challenge-2025-deelnemers-stappen-door-in-duinen-Foto-Mickael-Franci-768x511.jpg?image-crop-positioner-ts=1760698077 768w, https:\/\/www.cordaid.org\/nl\/wp-content\/uploads\/2025\/10\/Cordaid-Beach-Challenge-2025-deelnemers-stappen-door-in-duinen-Foto-Mickael-Franci-1536x1022.jpg?image-crop-positioner-ts=1760698077 1536w, https:\/\/www.cordaid.org\/nl\/wp-content\/uploads\/2025\/10\/Cordaid-Beach-Challenge-2025-deelnemers-stappen-door-in-duinen-Foto-Mickael-Franci-2048x1363.jpg?image-crop-positioner-ts=1760698077 2048w, https:\/\/www.cordaid.org\/nl\/wp-content\/uploads\/2025\/10\/Cordaid-Beach-Challenge-2025-deelnemers-stappen-door-in-duinen-Foto-Mickael-Franci-160x106.jpg?image-crop-positioner-ts=1760698077 160w\" \/>\n\n\t\t\t\t\t\t\t\t\t\t\t\t\t<figcaption class=\"screen-reader-text\">Deelnemers Cordaid Beach Challenge 2025 stappen door in duinen van Scheveningen &#8211; Foto: Mickael Franci<\/figcaption>\n\t\t\t\t\t\t\n\t\t\t\t\t<\/figure>\n\t\t\t\t<\/div>\n\t\t\t\t\t\t\t\t\t\t\t\t\t\t\t<div class=\"swiper-slide\" aria-hidden=\"true\" data-caption=\"Wandelaars&#x20;Cordaid&#x20;Beach&#x20;Challenge&#x20;2025&#x20;in&#x20;duinen&#x20;van&#x20;Scheveningen&#x20;-&#x20;Foto&#x3A;&#x20;Mickael&#x20;Franci\">\n\t\t\t\t\t<figure class=\"swiper-slide__item\">\n\n\t\t\t\t\t\t<img loading=\"lazy\" decoding=\"async\" width=\"1024\" height=\"681\" src=\"https:\/\/www.cordaid.org\/nl\/wp-content\/uploads\/2025\/10\/Cordaid-Beach-Challenge-2025-wandelaars-in-duinen-Scheveningen-Foto-Mickael-Franci-1024x681.jpg?image-crop-positioner-ts=1760698269\" class=\"attachment-large size-large\" alt=\"Wandelaars Cordaid Beach Challenge 2025 in duinen van Scheveningen\" sizes=\"(max-width: 722px) 100vw, 722px\" srcset=\"https:\/\/www.cordaid.org\/nl\/wp-content\/uploads\/2025\/10\/Cordaid-Beach-Challenge-2025-wandelaars-in-duinen-Scheveningen-Foto-Mickael-Franci-1024x681.jpg?image-crop-positioner-ts=1760698269 1024w, https:\/\/www.cordaid.org\/nl\/wp-content\/uploads\/2025\/10\/Cordaid-Beach-Challenge-2025-wandelaars-in-duinen-Scheveningen-Foto-Mickael-Franci-300x200.jpg?image-crop-positioner-ts=1760698269 300w, https:\/\/www.cordaid.org\/nl\/wp-content\/uploads\/2025\/10\/Cordaid-Beach-Challenge-2025-wandelaars-in-duinen-Scheveningen-Foto-Mickael-Franci-768x511.jpg?image-crop-positioner-ts=1760698269 768w, https:\/\/www.cordaid.org\/nl\/wp-content\/uploads\/2025\/10\/Cordaid-Beach-Challenge-2025-wandelaars-in-duinen-Scheveningen-Foto-Mickael-Franci-1536x1022.jpg?image-crop-positioner-ts=1760698269 1536w, https:\/\/www.cordaid.org\/nl\/wp-content\/uploads\/2025\/10\/Cordaid-Beach-Challenge-2025-wandelaars-in-duinen-Scheveningen-Foto-Mickael-Franci-2048x1362.jpg?image-crop-positioner-ts=1760698269 2048w, https:\/\/www.cordaid.org\/nl\/wp-content\/uploads\/2025\/10\/Cordaid-Beach-Challenge-2025-wandelaars-in-duinen-Scheveningen-Foto-Mickael-Franci-160x106.jpg?image-crop-positioner-ts=1760698269 160w\" \/>\n\n\t\t\t\t\t\t\t\t\t\t\t\t\t<figcaption class=\"screen-reader-text\">Wandelaars Cordaid Beach Challenge 2025 in duinen van Scheveningen &#8211; Foto: Mickael Franci<\/figcaption>\n\t\t\t\t\t\t\n\t\t\t\t\t<\/figure>\n\t\t\t\t<\/div>\n\t\t\t\t\t\t\t\t\t\t\t\t\t\t\t<div class=\"swiper-slide\" aria-hidden=\"true\" data-caption=\"Blije&#x20;deelnemers&#x20;Cordaid&#x20;Beach&#x20;Challenge&#x20;2025&#x20;in&#x20;duinen&#x20;Scheveningen&#x20;-&#x20;Foto&#x3A;&#x20;Mickael&#x20;Franci\">\n\t\t\t\t\t<figure class=\"swiper-slide__item\">\n\n\t\t\t\t\t\t<img loading=\"lazy\" decoding=\"async\" width=\"1024\" height=\"681\" src=\"https:\/\/www.cordaid.org\/nl\/wp-content\/uploads\/2025\/10\/Cordaid-Beach-Challenge-2025-blije-deelnemers-in-duinen-Scheveningen-Foto-Mickael-Franci-1024x681.jpg?image-crop-positioner-ts=1760697964\" class=\"attachment-large size-large\" alt=\"Blije deelnemers Cordaid Beach Challenge 2025 in duinen Scheveningen\" sizes=\"(max-width: 722px) 100vw, 722px\" srcset=\"https:\/\/www.cordaid.org\/nl\/wp-content\/uploads\/2025\/10\/Cordaid-Beach-Challenge-2025-blije-deelnemers-in-duinen-Scheveningen-Foto-Mickael-Franci-1024x681.jpg?image-crop-positioner-ts=1760697964 1024w, https:\/\/www.cordaid.org\/nl\/wp-content\/uploads\/2025\/10\/Cordaid-Beach-Challenge-2025-blije-deelnemers-in-duinen-Scheveningen-Foto-Mickael-Franci-300x200.jpg?image-crop-positioner-ts=1760697964 300w, https:\/\/www.cordaid.org\/nl\/wp-content\/uploads\/2025\/10\/Cordaid-Beach-Challenge-2025-blije-deelnemers-in-duinen-Scheveningen-Foto-Mickael-Franci-768x511.jpg?image-crop-positioner-ts=1760697964 768w, https:\/\/www.cordaid.org\/nl\/wp-content\/uploads\/2025\/10\/Cordaid-Beach-Challenge-2025-blije-deelnemers-in-duinen-Scheveningen-Foto-Mickael-Franci-1536x1022.jpg?image-crop-positioner-ts=1760697964 1536w, https:\/\/www.cordaid.org\/nl\/wp-content\/uploads\/2025\/10\/Cordaid-Beach-Challenge-2025-blije-deelnemers-in-duinen-Scheveningen-Foto-Mickael-Franci-2048x1363.jpg?image-crop-positioner-ts=1760697964 2048w, https:\/\/www.cordaid.org\/nl\/wp-content\/uploads\/2025\/10\/Cordaid-Beach-Challenge-2025-blije-deelnemers-in-duinen-Scheveningen-Foto-Mickael-Franci-160x106.jpg?image-crop-positioner-ts=1760697964 160w\" \/>\n\n\t\t\t\t\t\t\t\t\t\t\t\t\t<figcaption class=\"screen-reader-text\">Blije deelnemers Cordaid Beach Challenge 2025 in duinen Scheveningen &#8211; Foto: Mickael Franci<\/figcaption>\n\t\t\t\t\t\t\n\t\t\t\t\t<\/figure>\n\t\t\t\t<\/div>\n\t\t\t\t\t\t\t\t\t\t\t\t\t\t\t<div class=\"swiper-slide\" aria-hidden=\"true\" data-caption=\"Cordaid&#x20;Beach&#x20;Challenge&#x20;2025&#x3A;&#x20;&#x20;moeder&#x20;en&#x20;zoon&#x20;in&#x20;duinen&#x20;Scheveningen&#x20;-&#x20;Foto&#x3A;&#x20;Mickael&#x20;Franci\">\n\t\t\t\t\t<figure class=\"swiper-slide__item\">\n\n\t\t\t\t\t\t<img loading=\"lazy\" decoding=\"async\" width=\"1024\" height=\"681\" src=\"https:\/\/www.cordaid.org\/nl\/wp-content\/uploads\/2025\/10\/Cordaid-Beach-Challenge-2025-moeder-en-zoon-in-duinen-Foto-Mickael-Franci-1024x681.jpg?image-crop-positioner-ts=1760698146\" class=\"attachment-large size-large\" alt=\"Moeder en zoon lopen met andere deelnemers Cordaid Beach Challenge 2025 in duinen van Scheveningen\" sizes=\"(max-width: 722px) 100vw, 722px\" srcset=\"https:\/\/www.cordaid.org\/nl\/wp-content\/uploads\/2025\/10\/Cordaid-Beach-Challenge-2025-moeder-en-zoon-in-duinen-Foto-Mickael-Franci-1024x681.jpg?image-crop-positioner-ts=1760698146 1024w, https:\/\/www.cordaid.org\/nl\/wp-content\/uploads\/2025\/10\/Cordaid-Beach-Challenge-2025-moeder-en-zoon-in-duinen-Foto-Mickael-Franci-300x200.jpg?image-crop-positioner-ts=1760698146 300w, https:\/\/www.cordaid.org\/nl\/wp-content\/uploads\/2025\/10\/Cordaid-Beach-Challenge-2025-moeder-en-zoon-in-duinen-Foto-Mickael-Franci-768x511.jpg?image-crop-positioner-ts=1760698146 768w, https:\/\/www.cordaid.org\/nl\/wp-content\/uploads\/2025\/10\/Cordaid-Beach-Challenge-2025-moeder-en-zoon-in-duinen-Foto-Mickael-Franci-1536x1022.jpg?image-crop-positioner-ts=1760698146 1536w, https:\/\/www.cordaid.org\/nl\/wp-content\/uploads\/2025\/10\/Cordaid-Beach-Challenge-2025-moeder-en-zoon-in-duinen-Foto-Mickael-Franci-2048x1363.jpg?image-crop-positioner-ts=1760698146 2048w, https:\/\/www.cordaid.org\/nl\/wp-content\/uploads\/2025\/10\/Cordaid-Beach-Challenge-2025-moeder-en-zoon-in-duinen-Foto-Mickael-Franci-160x106.jpg?image-crop-positioner-ts=1760698146 160w\" \/>\n\n\t\t\t\t\t\t\t\t\t\t\t\t\t<figcaption class=\"screen-reader-text\">Cordaid Beach Challenge 2025:  moeder en zoon in duinen Scheveningen &#8211; Foto: Mickael Franci<\/figcaption>\n\t\t\t\t\t\t\n\t\t\t\t\t<\/figure>\n\t\t\t\t<\/div>\n\t\t\t\t\t\t\t\t\t\t\t\t\t\t\t<div class=\"swiper-slide\" aria-hidden=\"true\" data-caption=\"Wandelaars&#x20;Cordaid&#x20;Beach&#x20;Challenge&#x20;2025&#x20;met&#x20;bord&#x20;Team&#x20;Kaeke&#x20;in&#x20;duinen&#x20;Scheveningen&#x20;-&#x20;Foto&#x3A;&#x20;Mickael&#x20;Franci\">\n\t\t\t\t\t<figure class=\"swiper-slide__item\">\n\n\t\t\t\t\t\t<img loading=\"lazy\" decoding=\"async\" width=\"1024\" height=\"681\" src=\"https:\/\/www.cordaid.org\/nl\/wp-content\/uploads\/2025\/10\/Cordaid-Beach-Challenge-2025-deelnemers-met-bord-Team-Kaeke-in-duinen-Foto-Mickael-Franci-1024x681.jpg?image-crop-positioner-ts=1760698060\" class=\"attachment-large size-large\" alt=\"Wandelaars Cordaid Beach Challenge 2025 met bord Team Kaeke in duinen Scheveningen\" sizes=\"(max-width: 722px) 100vw, 722px\" srcset=\"https:\/\/www.cordaid.org\/nl\/wp-content\/uploads\/2025\/10\/Cordaid-Beach-Challenge-2025-deelnemers-met-bord-Team-Kaeke-in-duinen-Foto-Mickael-Franci-1024x681.jpg?image-crop-positioner-ts=1760698060 1024w, https:\/\/www.cordaid.org\/nl\/wp-content\/uploads\/2025\/10\/Cordaid-Beach-Challenge-2025-deelnemers-met-bord-Team-Kaeke-in-duinen-Foto-Mickael-Franci-300x200.jpg?image-crop-positioner-ts=1760698060 300w, https:\/\/www.cordaid.org\/nl\/wp-content\/uploads\/2025\/10\/Cordaid-Beach-Challenge-2025-deelnemers-met-bord-Team-Kaeke-in-duinen-Foto-Mickael-Franci-768x511.jpg?image-crop-positioner-ts=1760698060 768w, https:\/\/www.cordaid.org\/nl\/wp-content\/uploads\/2025\/10\/Cordaid-Beach-Challenge-2025-deelnemers-met-bord-Team-Kaeke-in-duinen-Foto-Mickael-Franci-1536x1022.jpg?image-crop-positioner-ts=1760698060 1536w, https:\/\/www.cordaid.org\/nl\/wp-content\/uploads\/2025\/10\/Cordaid-Beach-Challenge-2025-deelnemers-met-bord-Team-Kaeke-in-duinen-Foto-Mickael-Franci-2048x1362.jpg?image-crop-positioner-ts=1760698060 2048w, https:\/\/www.cordaid.org\/nl\/wp-content\/uploads\/2025\/10\/Cordaid-Beach-Challenge-2025-deelnemers-met-bord-Team-Kaeke-in-duinen-Foto-Mickael-Franci-160x106.jpg?image-crop-positioner-ts=1760698060 160w\" \/>\n\n\t\t\t\t\t\t\t\t\t\t\t\t\t<figcaption class=\"screen-reader-text\">Wandelaars Cordaid Beach Challenge 2025 met bord Team Kaeke in duinen Scheveningen &#8211; Foto: Mickael Franci<\/figcaption>\n\t\t\t\t\t\t\n\t\t\t\t\t<\/figure>\n\t\t\t\t<\/div>\n\t\t\t\t\t\t\t\t\t\t\t\t\t\t\t<div class=\"swiper-slide\" aria-hidden=\"true\" data-caption=\"Deelnemers&#x20;Cordaid&#x20;Beach&#x20;Challenge&#x20;2025&#x20;lopen&#x20;laatste&#x20;meters&#x20;met&#x20;jerrycan&#x20;water&#x20;-&#x20;Foto&#x3A;&#x20;Mickael&#x20;Franci\">\n\t\t\t\t\t<figure class=\"swiper-slide__item\">\n\n\t\t\t\t\t\t<img loading=\"lazy\" decoding=\"async\" width=\"1024\" height=\"681\" src=\"https:\/\/www.cordaid.org\/nl\/wp-content\/uploads\/2025\/10\/Cordaid-Beach-Challenge-2025-deelnemers-lopen-laatste-meters-met-jerrycan-water-Foto-Mickael-Franci-1024x681.jpg?image-crop-positioner-ts=1760698046\" class=\"attachment-large size-large\" alt=\"Deelnemers Cordaid Beach Challenge 2025 lopen laatste meters met jerrycan water\" sizes=\"(max-width: 722px) 100vw, 722px\" srcset=\"https:\/\/www.cordaid.org\/nl\/wp-content\/uploads\/2025\/10\/Cordaid-Beach-Challenge-2025-deelnemers-lopen-laatste-meters-met-jerrycan-water-Foto-Mickael-Franci-1024x681.jpg?image-crop-positioner-ts=1760698046 1024w, https:\/\/www.cordaid.org\/nl\/wp-content\/uploads\/2025\/10\/Cordaid-Beach-Challenge-2025-deelnemers-lopen-laatste-meters-met-jerrycan-water-Foto-Mickael-Franci-300x200.jpg?image-crop-positioner-ts=1760698046 300w, https:\/\/www.cordaid.org\/nl\/wp-content\/uploads\/2025\/10\/Cordaid-Beach-Challenge-2025-deelnemers-lopen-laatste-meters-met-jerrycan-water-Foto-Mickael-Franci-768x511.jpg?image-crop-positioner-ts=1760698046 768w, https:\/\/www.cordaid.org\/nl\/wp-content\/uploads\/2025\/10\/Cordaid-Beach-Challenge-2025-deelnemers-lopen-laatste-meters-met-jerrycan-water-Foto-Mickael-Franci-1536x1022.jpg?image-crop-positioner-ts=1760698046 1536w, https:\/\/www.cordaid.org\/nl\/wp-content\/uploads\/2025\/10\/Cordaid-Beach-Challenge-2025-deelnemers-lopen-laatste-meters-met-jerrycan-water-Foto-Mickael-Franci-2048x1363.jpg?image-crop-positioner-ts=1760698046 2048w, https:\/\/www.cordaid.org\/nl\/wp-content\/uploads\/2025\/10\/Cordaid-Beach-Challenge-2025-deelnemers-lopen-laatste-meters-met-jerrycan-water-Foto-Mickael-Franci-160x106.jpg?image-crop-positioner-ts=1760698046 160w\" \/>\n\n\t\t\t\t\t\t\t\t\t\t\t\t\t<figcaption class=\"screen-reader-text\">Deelnemers Cordaid Beach Challenge 2025 lopen laatste meters met jerrycan water &#8211; Foto: Mickael Franci<\/figcaption>\n\t\t\t\t\t\t\n\t\t\t\t\t<\/figure>\n\t\t\t\t<\/div>\n\t\t\t\t\t\t\t\t\t\t\t\t\t\t\t<div class=\"swiper-slide\" aria-hidden=\"true\" data-caption=\"Wandelaars&#x20;Cordaid&#x20;Beach&#x20;Challenge&#x20;2025&#x20;met&#x20;jerrycan&#x20;water&#x20;op&#x20;rug&#x20;bij&#x20;de&#x20;finish&#x20;-&#x20;Foto&#x3A;&#x20;Mickael&#x20;Franci\">\n\t\t\t\t\t<figure class=\"swiper-slide__item\">\n\n\t\t\t\t\t\t<img loading=\"lazy\" decoding=\"async\" width=\"1024\" height=\"681\" src=\"https:\/\/www.cordaid.org\/nl\/wp-content\/uploads\/2025\/10\/Cordaid-Beach-Challenge-2025-wandelaars-met-jerrycan-water-op-rug-vlakbij-de-finish-Foto-Mickael-Franci-1024x681.jpg?image-crop-positioner-ts=1760698282\" class=\"attachment-large size-large\" alt=\"Wandelaars Cordaid Beach Challenge 2025 met jerrycan water op rug bij de finish\" sizes=\"(max-width: 722px) 100vw, 722px\" srcset=\"https:\/\/www.cordaid.org\/nl\/wp-content\/uploads\/2025\/10\/Cordaid-Beach-Challenge-2025-wandelaars-met-jerrycan-water-op-rug-vlakbij-de-finish-Foto-Mickael-Franci-1024x681.jpg?image-crop-positioner-ts=1760698282 1024w, https:\/\/www.cordaid.org\/nl\/wp-content\/uploads\/2025\/10\/Cordaid-Beach-Challenge-2025-wandelaars-met-jerrycan-water-op-rug-vlakbij-de-finish-Foto-Mickael-Franci-300x200.jpg?image-crop-positioner-ts=1760698282 300w, https:\/\/www.cordaid.org\/nl\/wp-content\/uploads\/2025\/10\/Cordaid-Beach-Challenge-2025-wandelaars-met-jerrycan-water-op-rug-vlakbij-de-finish-Foto-Mickael-Franci-768x511.jpg?image-crop-positioner-ts=1760698282 768w, https:\/\/www.cordaid.org\/nl\/wp-content\/uploads\/2025\/10\/Cordaid-Beach-Challenge-2025-wandelaars-met-jerrycan-water-op-rug-vlakbij-de-finish-Foto-Mickael-Franci-1536x1022.jpg?image-crop-positioner-ts=1760698282 1536w, https:\/\/www.cordaid.org\/nl\/wp-content\/uploads\/2025\/10\/Cordaid-Beach-Challenge-2025-wandelaars-met-jerrycan-water-op-rug-vlakbij-de-finish-Foto-Mickael-Franci-2048x1363.jpg?image-crop-positioner-ts=1760698282 2048w, https:\/\/www.cordaid.org\/nl\/wp-content\/uploads\/2025\/10\/Cordaid-Beach-Challenge-2025-wandelaars-met-jerrycan-water-op-rug-vlakbij-de-finish-Foto-Mickael-Franci-160x106.jpg?image-crop-positioner-ts=1760698282 160w\" \/>\n\n\t\t\t\t\t\t\t\t\t\t\t\t\t<figcaption class=\"screen-reader-text\">Wandelaars Cordaid Beach Challenge 2025 met jerrycan water op rug bij de finish &#8211; Foto: Mickael Franci<\/figcaption>\n\t\t\t\t\t\t\n\t\t\t\t\t<\/figure>\n\t\t\t\t<\/div>\n\t\t\t\t\t<\/div>\n\t<\/div>\n\n\t<div class=\"slider-gallery__meta\">\n\t\t<div class=\"slider-gallery__caption\" aria-hidden=\"true\">\n\t\t\t<div class=\"js-slider-caption\"><\/div>\n\t\t<\/div>\n\n\t\t<div class=\"slider-gallery__nav\">\n\t\t\t<span class=\"screen-reader-text\">Gallerij navigatie<\/span>\n\t\t\t<div class=\"slider-gallery__arrows\">\n\t\t\t\t<span class=\"screen-reader-text\">Gallerij navigatie pijlen<\/span>\n\t\t\t\t<div class=\"slider-gallery__prev\">\n\t\t\t\t\t\n\n\n<button\n\tclass=\"btn btn--primary&#x20;btn--square&#x20;btn--small&#x20;js-swiper-prev-slider-gallery-69ef7b4c6095b \"\n\t\t\t\t\t\t\t\taria-label=\"Ga&#x20;naar&#x20;vorige&#x20;afbeelding\"\n\t\t\t\t\t\t>\n\t\n\t\n\t\t\t\t\t\t<span class=\"btn__icon\">\n\t\t\t<span class=\"icon-inline icon-arrow-left\" aria-hidden=\"true\"><svg width=\"24\" height=\"24\" viewBox=\"0 0 24 24\" fill=\"none\" xmlns=\"http:\/\/www.w3.org\/2000\/svg\"><path d=\"M20 12.961a.404.404 0 0 1-.404.405H9.268l4.397 4.397a.405.405 0 0 1 0 .572l-1.379 1.379a.405.405 0 0 1-.572 0l-7.428-7.428a.404.404 0 0 1 0-.572l7.428-7.428a.404.404 0 0 1 .572 0l1.38 1.38a.405.405 0 0 1 0 .571l-4.398 4.397h10.328c.223 0 .404.181.404.405v1.922Z\" fill=\"#1A1A1A\"\/><\/svg>\n<\/span>\n\n\t\t\t\t\t<\/span>\n\t\n\t<\/button>\n\t\t\t\t<\/div>\n\t\t\t\t<div class=\"slider-gallery__next\">\n\t\t\t\t\t\n\n\n<button\n\tclass=\"btn btn--primary&#x20;btn--square&#x20;btn--small&#x20;btn--no-right-arrow-transition&#x20;js-swiper-next-slider-gallery-69ef7b4c6095b \"\n\t\t\t\t\t\t\t\taria-label=\"Ga&#x20;naar&#x20;volgende&#x20;afbeelding\"\n\t\t\t\t\t\t>\n\t\n\t\n\t\t\t\t\t\t<span class=\"btn__icon\">\n\t\t\t<span class=\"icon-inline icon-arrow-right\" aria-hidden=\"true\"><svg width=\"24\" height=\"24\" viewBox=\"0 0 24 24\" fill=\"none\" xmlns=\"http:\/\/www.w3.org\/2000\/svg\"><path d=\"M4 12.961c0 .224.181.405.404.405h10.328l-4.397 4.397a.405.405 0 0 0 0 .572l1.379 1.379a.405.405 0 0 0 .572 0l7.428-7.428a.405.405 0 0 0 0-.572l-7.428-7.428a.404.404 0 0 0-.572 0l-1.38 1.38a.405.405 0 0 0 0 .571l4.398 4.397H4.404A.404.404 0 0 0 4 11.04v1.922Z\" fill=\"#1A1A1A\"\/><\/svg>\n<\/span>\n\n\t\t\t\t\t<\/span>\n\t\n\t<\/button>\n\t\t\t\t<\/div>\n\t\t\t<\/div>\n\t\t\t<div class=\"slider-gallery__pagination\">\n\t\t\t\t<div class=\"swiper-pagination js-swiper-pagination-slider-gallery-69ef7b4c6095b\"><\/div>\n\t\t\t<\/div>\n\t\t<\/div>\n\t<\/div>\n<\/div>\n\t\t\t\n\t\t<\/section>\n\t<\/div>\n\n\n\n\t<div id=\"anchor-68f22e4fe250c\" class=\"alignfull\" data-name=\"acf\/block-cta\">\n\t\t\t\t\t<div class=\"cta-image cta-image--left\">\n\t\t<div class=\"cta-image__content\">\n\t\t\t<div class=\"cta  cd-theme--red\">\n\t<div class=\"cta__inner\">\n\n\t\t<div class=\"flex flex-col gap-2\">\n\n\t\t\t\t\t\t\t<h2 class=\"cta__heading\">Meer weten over de Cordaid Beach Challenge?<\/h2>\n\t\t\t\n\t\t\t\t\t\t\t<div class=\"cta__text\">\n\t\t\t\t\t<p>Op zaterdag 11 oktober 2025 was de allereerste editie van de Cordaid Beach Challenge op het strand van Scheveningen. Het is zowel een fysieke uitdaging, als een manier om samen bewustzijn te cree\u00ebren voor mensen die dagelijks uren moeten lopen voor onderwijs, schoon water of gezondheidszorg.<\/p>\n\n\t\t\t\t<\/div>\n\t\t\t\n\t\t\t\t\t\t\t<div class=\"cta__buttons\">\n\t\t\t\t\t<ul class=\"flex flex-col flex-wrap gap-4 sm:flex-row\">\n\n\t\t\t\t\t\t\t\t\t\t\t\t\t<li class=\"cta__button\">\n\t\t\t\t\t\t\t\t\t\t\t\t\t\t\t\t\n\n\t<a\n\t\thref=\"https&#x3A;&#x2F;&#x2F;www.cordaid.org&#x2F;nl&#x2F;campagnes&#x2F;cordaid-beach-challenge&#x2F;\"\n\t\tclass=\"btn btn--themed&#x20;btn--mobile-full cd-theme--red\"\n\t\t\t\t\t\t\t>\n\t\t\n\t\t\t\t\t<span class=\"btn__text\">\n\t\t\t\tLees meer\n\n\t\t\t\t\t\t\t<\/span>\n\t\t\n\t\t\t\t\t\t\t<span class=\"btn__icon\">\n\t\t<span class=\"icon-inline icon-arrow-right\" aria-hidden=\"true\"><svg width=\"24\" height=\"24\" viewBox=\"0 0 24 24\" fill=\"none\" xmlns=\"http:\/\/www.w3.org\/2000\/svg\"><path d=\"M4 12.961c0 .224.181.405.404.405h10.328l-4.397 4.397a.405.405 0 0 0 0 .572l1.379 1.379a.405.405 0 0 0 .572 0l7.428-7.428a.405.405 0 0 0 0-.572l-7.428-7.428a.404.404 0 0 0-.572 0l-1.38 1.38a.405.405 0 0 0 0 .571l4.398 4.397H4.404A.404.404 0 0 0 4 11.04v1.922Z\" fill=\"#1A1A1A\"\/><\/svg>\n<\/span>\n\t<\/span>\n\t\n\t\t\t<\/a>\n\t\t\t\t\t\t\t<\/li>\n\t\t\t\t\t\t\t\t\t\t\t<\/ul>\n\t\t\t\t<\/div>\n\t\t\t\t\t<\/div>\n\t<\/div>\n<\/div>\n\t\t<\/div>\n\t\t<div class=\"cta-image__thumbnail\">\n\t\t\t<img loading=\"lazy\" decoding=\"async\" width=\"1200\" height=\"720\" src=\"https:\/\/www.cordaid.org\/nl\/wp-content\/uploads\/2025\/03\/Cordaid-Beach-Challenge-1920x1080-1-1200x720.png?image-crop-positioner-ts=1752220759\" class=\"attachment-wide-lg size-wide-lg\" alt=\"\" srcset=\"https:\/\/www.cordaid.org\/nl\/wp-content\/uploads\/2025\/03\/Cordaid-Beach-Challenge-1920x1080-1-1200x720.png?image-crop-positioner-ts=1752220759 1200w, https:\/\/www.cordaid.org\/nl\/wp-content\/uploads\/2025\/03\/Cordaid-Beach-Challenge-1920x1080-1-400x240.png?image-crop-positioner-ts=1752220759 400w, https:\/\/www.cordaid.org\/nl\/wp-content\/uploads\/2025\/03\/Cordaid-Beach-Challenge-1920x1080-1-800x480.png?image-crop-positioner-ts=1752220759 800w, https:\/\/www.cordaid.org\/nl\/wp-content\/uploads\/2025\/03\/Cordaid-Beach-Challenge-1920x1080-1-1600x960.png?image-crop-positioner-ts=1752220759 1600w\" sizes=\"(max-width: 1200px) 100vw, 1200px\" \/>\n\t\t<\/div>\n<\/div>\n\t\t\t<\/div>\n\n\n\n\t<div id=\"anchor-68f22b67be13e\" class=\"alignfull cd-theme--default\" data-name=\"acf\/block-posts\">\n\t\t\t\t\t<h2 class=\"screen-reader-text\">Een lijst van berichten<\/h2>\n\t\t\n\t\t\t\t<div class=\"posts-slider cd-theme--default flex flex-col gap-6\" data-module=\"slider-posts\">\n\t<div class=\"posts-slider__header\">\n\t\t<div class=\"flex flex-col gap-10 lg:flex-row lg:justify-between lg:items-end\">\n\n\t\t\t<div class=\"flex flex-col gap-2\">\n\t\t\t\t<div class=\"posts-slider__content\">\n\t\t\t\t\t\n\t\t\t\t\t\t\t\t\t<\/div>\n\t\t\t<\/div>\n\n\t\t\t<div class=\"flex items-center justify-between gap-4 md:justify-start js-slider-meta\" aria-hidden=\"true\">\n\t\t\t\t<div class=\"posts-slider__counter\">\n\t\t\t\t\t<span class=\"js-slider-counter-current\">01<\/span>\n\t\t\t\t\t<span class=\"js-slider-counter-total\">01<\/span>\n\t\t\t\t<\/div>\n\t\t\t\t<div class=\"posts-slider__navigatie\">\n\t\t\t\t\t\n\n\n<button\n\tclass=\"btn btn--square&#x20;btn--small&#x20;btn--ghost&#x20;btn--slider-themed&#x20;js-slider-control cd-theme--default\"\n\t\t\t\ttype=\"button\"\n\t\t\t\t\tdata-config=\"&#x7B;&quot;action&quot;&#x3A;&quot;previous&quot;&#x7D;\"\n\t\t\t\t\taria-label=\"Vorige&#x20;item\"\n\t\t\t\t\t\t>\n\t\n\t\n\t\t\t\t\t\t<span class=\"btn__icon\">\n\t\t\t<span class=\"icon-inline icon-arrow-left\" aria-hidden=\"true\"><svg width=\"24\" height=\"24\" viewBox=\"0 0 24 24\" fill=\"none\" xmlns=\"http:\/\/www.w3.org\/2000\/svg\"><path d=\"M20 12.961a.404.404 0 0 1-.404.405H9.268l4.397 4.397a.405.405 0 0 1 0 .572l-1.379 1.379a.405.405 0 0 1-.572 0l-7.428-7.428a.404.404 0 0 1 0-.572l7.428-7.428a.404.404 0 0 1 .572 0l1.38 1.38a.405.405 0 0 1 0 .571l-4.398 4.397h10.328c.223 0 .404.181.404.405v1.922Z\" fill=\"#1A1A1A\"\/><\/svg>\n<\/span>\n\n\t\t\t\t\t<\/span>\n\t\n\t<\/button>\n\t\t\t\t\t\n\n\n<button\n\tclass=\"btn btn--square&#x20;btn--small&#x20;btn--ghost&#x20;btn--slider-themed&#x20;btn--no-right-arrow-transition&#x20;btn--no-expand&#x20;js-slider-control cd-theme--default\"\n\t\t\t\ttype=\"button\"\n\t\t\t\t\tdata-config=\"&#x7B;&quot;action&quot;&#x3A;&quot;next&quot;&#x7D;\"\n\t\t\t\t\taria-label=\"Volgende&#x20;item\"\n\t\t\t\t\t\t>\n\t\n\t\n\t\t\t\t\t\t<span class=\"btn__icon\">\n\t\t\t<span class=\"icon-inline icon-arrow-right\" aria-hidden=\"true\"><svg width=\"24\" height=\"24\" viewBox=\"0 0 24 24\" fill=\"none\" xmlns=\"http:\/\/www.w3.org\/2000\/svg\"><path d=\"M4 12.961c0 .224.181.405.404.405h10.328l-4.397 4.397a.405.405 0 0 0 0 .572l1.379 1.379a.405.405 0 0 0 .572 0l7.428-7.428a.405.405 0 0 0 0-.572l-7.428-7.428a.404.404 0 0 0-.572 0l-1.38 1.38a.405.405 0 0 0 0 .571l4.398 4.397H4.404A.404.404 0 0 0 4 11.04v1.922Z\" fill=\"#1A1A1A\"\/><\/svg>\n<\/span>\n\n\t\t\t\t\t<\/span>\n\t\n\t<\/button>\n\t\t\t\t<\/div>\n\t\t\t<\/div>\n\t\t<\/div>\n\t<\/div>\n\n\t<div class=\"posts-slider__container\">\n\n\t\t\t\t\t<a href=\"#posts-slider--69ef7b4c740a5\" data-module=\"skiplink\" class=\"skip-to-content\">Spring over slider met 3 berichten<\/a>\n\t\t\t\t<div class=\"posts-slider__slides js-slider-track\">\n\t\t\t<ul class=\"posts-slider__slides-wrap\">\n\t\t\t\t\t\t\t\t\t<li class=\"posts-slider__slide js-slider-slide\">\n\t\t\t\t\t<div class=\"teaser-post cd-theme--default\">\n\n\t<div class=\"teaser-post__thumbnail\">\n\t\t<div class=\"teaser-post__label\">\n\t\t\t\t<div class=\"badge badge--primary\">\n\t\t\t\t\tVerhaal\n\t\t\t<\/div>\n\t\t<\/div>\n\t\t<img loading=\"lazy\" decoding=\"async\" width=\"800\" height=\"480\" src=\"https:\/\/www.cordaid.org\/nl\/wp-content\/uploads\/2026\/04\/Rosemary-Nyr-Nenini-scaled-800x480.jpg?image-crop-positioner-ts=1776341836\" class=\"attachment-wide-md size-wide-md\" alt=\"\" sizes=\"(max-width: 623px) 100vw, (max-width: 900px) 48vw, (max-width: 1247px) 400px, (max-width: 1400px) 31vw, 400px\" srcset=\"https:\/\/www.cordaid.org\/nl\/wp-content\/uploads\/2026\/04\/Rosemary-Nyr-Nenini-scaled-800x480.jpg?image-crop-positioner-ts=1776341836 800w, https:\/\/www.cordaid.org\/nl\/wp-content\/uploads\/2026\/04\/Rosemary-Nyr-Nenini-scaled-400x240.jpg?image-crop-positioner-ts=1776341836 400w, https:\/\/www.cordaid.org\/nl\/wp-content\/uploads\/2026\/04\/Rosemary-Nyr-Nenini-scaled-1200x720.jpg?image-crop-positioner-ts=1776341836 1200w, https:\/\/www.cordaid.org\/nl\/wp-content\/uploads\/2026\/04\/Rosemary-Nyr-Nenini-scaled-1600x960.jpg?image-crop-positioner-ts=1776341836 1600w\" \/>\n\t<\/div>\n\n\t<div class=\"teaser-post__inner\">\n\t\t<div class=\"flex flex-col content-start gap-4\">\n\t\t\t<div class=\"flex flex-col gap-1\">\n\t\t\t\t\t\t\t\t<h3 class=\"teaser-post__title\">\n\t\t\t\t\t<span class=\"screen-reader-text\">: <\/span>Krekelboerin Rosemary versterkt haar gemeenschap\n\t\t\t\t<\/h3>\n\t\t\t\t\t\t\t\t\t<div class=\"teaser-post__date\">\n\t\t\t\t\t\t<span class=\"screen-reader-text\">Gepubliceerd op:<\/span>\n\t\t\t\t\t\t<time datetime=\"2026-04-16\">16 april 2026<\/time>\n\t\t\t\t\t<\/div>\n\t\t\t\t\t\t\t<\/div>\n\t\t\t<p>Rosemary is opgegroeid in een traditionele Maasai-gemeenschap in het noorden van Kenia waar vrouwen economisch volledig afhankelijk waren van hun man. Ze woont er nog steeds en is nu een krachtige en respectabele vrouw die leiding geeft aan zes vrouwengroepen met een krekelkwekerij.\u00a0 Leven met droogte en mislukte oogsten&nbsp; Door grote droogte en woestijnsprinkhanenplagen kunnen [&hellip;]<\/p>\n\n\t\t<\/div>\n\t<\/div>\n\n\t<div class=\"teaser-post__footer\">\n\t\t\n\n\t<a\n\t\thref=\"https&#x3A;&#x2F;&#x2F;www.cordaid.org&#x2F;nl&#x2F;verhalen&#x2F;rosemary-is-krekelboerin-in-kenia&#x2F;\"\n\t\tclass=\"btn btn--link&#x20;btn--no-expand&#x20;btn--absolute cd-theme--default\"\n\t\t\t\t\taria-label=\"Bekijk&#x20;het&#x20;verhaal&#x20;&#x201C;Krekelboerin&#x20;Rosemary&#x20;versterkt&#x20;haar&#x20;gemeenschap&#x201D;\"\n\t\t\t\t\t\t\t>\n\t\t\n\t\t\t\t\t<span class=\"btn__text\">\n\t\t\t\tBekijk het verhaal\n\n\t\t\t\t\t\t\t<\/span>\n\t\t\n\t\t\t\t\t\t\t<span class=\"btn__icon\">\n\t\t<span class=\"icon-inline icon-arrow-right\" aria-hidden=\"true\"><svg width=\"24\" height=\"24\" viewBox=\"0 0 24 24\" fill=\"none\" xmlns=\"http:\/\/www.w3.org\/2000\/svg\"><path d=\"M4 12.961c0 .224.181.405.404.405h10.328l-4.397 4.397a.405.405 0 0 0 0 .572l1.379 1.379a.405.405 0 0 0 .572 0l7.428-7.428a.405.405 0 0 0 0-.572l-7.428-7.428a.404.404 0 0 0-.572 0l-1.38 1.38a.405.405 0 0 0 0 .571l4.398 4.397H4.404A.404.404 0 0 0 4 11.04v1.922Z\" fill=\"#1A1A1A\"\/><\/svg>\n<\/span>\n\t<\/span>\n\t\n\t\t\t<\/a>\n\t<\/div>\n<\/div>\n\t\t\t\t\t<\/li>\n\t\t\t\t\t\t\t\t\t<li class=\"posts-slider__slide js-slider-slide\">\n\t\t\t\t\t<div class=\"teaser-post cd-theme--default\">\n\n\t<div class=\"teaser-post__thumbnail\">\n\t\t<div class=\"teaser-post__label\">\n\t\t\t\t<div class=\"badge badge--primary\">\n\t\t\t\t\tVerhaal\n\t\t\t<\/div>\n\t\t<\/div>\n\t\t<img loading=\"lazy\" decoding=\"async\" width=\"800\" height=\"480\" src=\"https:\/\/www.cordaid.org\/nl\/wp-content\/uploads\/2026\/04\/Eunice-Sation-scaled-800x480.jpeg?image-crop-positioner-ts=1776340433\" class=\"attachment-wide-md size-wide-md\" alt=\"\" sizes=\"(max-width: 623px) 100vw, (max-width: 900px) 48vw, (max-width: 1247px) 400px, (max-width: 1400px) 31vw, 400px\" srcset=\"https:\/\/www.cordaid.org\/nl\/wp-content\/uploads\/2026\/04\/Eunice-Sation-scaled-800x480.jpeg?image-crop-positioner-ts=1776340433 800w, https:\/\/www.cordaid.org\/nl\/wp-content\/uploads\/2026\/04\/Eunice-Sation-scaled-400x240.jpeg?image-crop-positioner-ts=1776340433 400w, https:\/\/www.cordaid.org\/nl\/wp-content\/uploads\/2026\/04\/Eunice-Sation-scaled-1200x720.jpeg?image-crop-positioner-ts=1776340433 1200w, https:\/\/www.cordaid.org\/nl\/wp-content\/uploads\/2026\/04\/Eunice-Sation-scaled-1600x960.jpeg?image-crop-positioner-ts=1776340433 1600w\" \/>\n\t<\/div>\n\n\t<div class=\"teaser-post__inner\">\n\t\t<div class=\"flex flex-col content-start gap-4\">\n\t\t\t<div class=\"flex flex-col gap-1\">\n\t\t\t\t\t\t\t\t<h3 class=\"teaser-post__title\">\n\t\t\t\t\t<span class=\"screen-reader-text\">: <\/span>Eunice: krekelboerin met impact op haar gezin\n\t\t\t\t<\/h3>\n\t\t\t\t\t\t\t\t\t<div class=\"teaser-post__date\">\n\t\t\t\t\t\t<span class=\"screen-reader-text\">Gepubliceerd op:<\/span>\n\t\t\t\t\t\t<time datetime=\"2026-04-16\">16 april 2026<\/time>\n\t\t\t\t\t<\/div>\n\t\t\t\t\t\t\t<\/div>\n\t\t\t<p>Met zes schoolgaande kinderen en een leven in een droog gebied in het noorden van Kenia zocht ze naar meer zekerheid. Via een krekelproject vond ze niet alleen extra inkomen, maar ook een duurzame oplossing voor voedselzekerheid en een sterkere toekomst voor haar gemeenschap. Lees het verhaal van Eunice Sation.\u00a0<\/p>\n\n\t\t<\/div>\n\t<\/div>\n\n\t<div class=\"teaser-post__footer\">\n\t\t\n\n\t<a\n\t\thref=\"https&#x3A;&#x2F;&#x2F;www.cordaid.org&#x2F;nl&#x2F;verhalen&#x2F;eunice-is-krekelboerin-in-kenia&#x2F;\"\n\t\tclass=\"btn btn--link&#x20;btn--no-expand&#x20;btn--absolute cd-theme--default\"\n\t\t\t\t\taria-label=\"Bekijk&#x20;het&#x20;verhaal&#x20;&#x201C;Eunice&#x3A;&#x20;krekelboerin&#x20;met&#x20;impact&#x20;op&#x20;haar&#x20;gezin&#x201D;\"\n\t\t\t\t\t\t\t>\n\t\t\n\t\t\t\t\t<span class=\"btn__text\">\n\t\t\t\tBekijk het verhaal\n\n\t\t\t\t\t\t\t<\/span>\n\t\t\n\t\t\t\t\t\t\t<span class=\"btn__icon\">\n\t\t<span class=\"icon-inline icon-arrow-right\" aria-hidden=\"true\"><svg width=\"24\" height=\"24\" viewBox=\"0 0 24 24\" fill=\"none\" xmlns=\"http:\/\/www.w3.org\/2000\/svg\"><path d=\"M4 12.961c0 .224.181.405.404.405h10.328l-4.397 4.397a.405.405 0 0 0 0 .572l1.379 1.379a.405.405 0 0 0 .572 0l7.428-7.428a.405.405 0 0 0 0-.572l-7.428-7.428a.404.404 0 0 0-.572 0l-1.38 1.38a.405.405 0 0 0 0 .571l4.398 4.397H4.404A.404.404 0 0 0 4 11.04v1.922Z\" fill=\"#1A1A1A\"\/><\/svg>\n<\/span>\n\t<\/span>\n\t\n\t\t\t<\/a>\n\t<\/div>\n<\/div>\n\t\t\t\t\t<\/li>\n\t\t\t\t\t\t\t\t\t<li class=\"posts-slider__slide js-slider-slide\">\n\t\t\t\t\t<div class=\"teaser-post cd-theme--default\">\n\n\t<div class=\"teaser-post__thumbnail\">\n\t\t<div class=\"teaser-post__label\">\n\t\t\t\t<div class=\"badge badge--primary\">\n\t\t\t\t\tProject\n\t\t\t<\/div>\n\t\t<\/div>\n\t\t<img loading=\"lazy\" decoding=\"async\" width=\"800\" height=\"480\" src=\"https:\/\/www.cordaid.org\/nl\/wp-content\/uploads\/2026\/04\/Beat-the-locust-4-scaled-800x480.jpg?image-crop-positioner-ts=1776334734\" class=\"attachment-wide-md size-wide-md\" alt=\"\" sizes=\"(max-width: 623px) 100vw, (max-width: 900px) 48vw, (max-width: 1247px) 400px, (max-width: 1400px) 31vw, 400px\" srcset=\"https:\/\/www.cordaid.org\/nl\/wp-content\/uploads\/2026\/04\/Beat-the-locust-4-scaled-800x480.jpg?image-crop-positioner-ts=1776334734 800w, https:\/\/www.cordaid.org\/nl\/wp-content\/uploads\/2026\/04\/Beat-the-locust-4-scaled-400x240.jpg?image-crop-positioner-ts=1776334734 400w, https:\/\/www.cordaid.org\/nl\/wp-content\/uploads\/2026\/04\/Beat-the-locust-4-scaled-1200x720.jpg?image-crop-positioner-ts=1776334734 1200w, https:\/\/www.cordaid.org\/nl\/wp-content\/uploads\/2026\/04\/Beat-the-locust-4-scaled-1600x960.jpg?image-crop-positioner-ts=1776334734 1600w\" \/>\n\t<\/div>\n\n\t<div class=\"teaser-post__inner\">\n\t\t<div class=\"flex flex-col content-start gap-4\">\n\t\t\t<div class=\"flex flex-col gap-1\">\n\t\t\t\t\t\t\t\t<h3 class=\"teaser-post__title\">\n\t\t\t\t\t<span class=\"screen-reader-text\">: <\/span>Vrouwen in Kenia bouwen nieuw inkomen op met krekels\n\t\t\t\t<\/h3>\n\t\t\t\t\t\t\t\t\t<div class=\"teaser-post__date\">\n\t\t\t\t\t\t<span class=\"screen-reader-text\">Gepubliceerd op:<\/span>\n\t\t\t\t\t\t<time datetime=\"2026-04-16\">16 april 2026<\/time>\n\t\t\t\t\t<\/div>\n\t\t\t\t\t\t\t<\/div>\n\t\t\t<p>In het droge noorden van Kenia hebben veel mensen het zwaar door klimaatverandering, langdurige droogte en sprinkhanenplagen. Veeboeren verliezen dieren door gebrek aan water en gras. Daarom zoeken vrouwengroepen naar nieuwe inkomsten. Met steun van het (B)eat The Locust Project kweken zij nu krekels als duurzaam alternatief voor hun gezinnen.\u00a0<\/p>\n\n\t\t<\/div>\n\t<\/div>\n\n\t<div class=\"teaser-post__footer\">\n\t\t\n\n\t<a\n\t\thref=\"https&#x3A;&#x2F;&#x2F;www.cordaid.org&#x2F;nl&#x2F;projecten&#x2F;vrouwen-in-kenia-bouwen-nieuw-inkomen-op-met-krekels&#x2F;\"\n\t\tclass=\"btn btn--link&#x20;btn--no-expand&#x20;btn--absolute cd-theme--default\"\n\t\t\t\t\taria-label=\"Bekijk&#x20;het&#x20;project&#x20;&#x201C;Vrouwen&#x20;in&#x20;Kenia&#x20;bouwen&#x20;nieuw&#x20;inkomen&#x20;op&#x20;met&#x20;krekels&#x201D;\"\n\t\t\t\t\t\t\t>\n\t\t\n\t\t\t\t\t<span class=\"btn__text\">\n\t\t\t\tBekijk het project\n\n\t\t\t\t\t\t\t<\/span>\n\t\t\n\t\t\t\t\t\t\t<span class=\"btn__icon\">\n\t\t<span class=\"icon-inline icon-arrow-right\" aria-hidden=\"true\"><svg width=\"24\" height=\"24\" viewBox=\"0 0 24 24\" fill=\"none\" xmlns=\"http:\/\/www.w3.org\/2000\/svg\"><path d=\"M4 12.961c0 .224.181.405.404.405h10.328l-4.397 4.397a.405.405 0 0 0 0 .572l1.379 1.379a.405.405 0 0 0 .572 0l7.428-7.428a.405.405 0 0 0 0-.572l-7.428-7.428a.404.404 0 0 0-.572 0l-1.38 1.38a.405.405 0 0 0 0 .571l4.398 4.397H4.404A.404.404 0 0 0 4 11.04v1.922Z\" fill=\"#1A1A1A\"\/><\/svg>\n<\/span>\n\t<\/span>\n\t\n\t\t\t<\/a>\n\t<\/div>\n<\/div>\n\t\t\t\t\t<\/li>\n\t\t\t\t\t\t\t<\/ul>\n\t\t<\/div>\n\t<\/div>\n\n\t\n<\/div>\n<div id=\"posts-slider--69ef7b4c740a5\"><\/div>\n\t<\/div>\n","protected":false},"excerpt":{"rendered":"<p>Bijna 230 deelnemers wandelden mee met de eerste Cordaid Beach Challenge in scheveningen. Samen haalden ze ruim \u20ac30.000 op voor onderwijs, zorg en schoon water. Al met al: een zeer geslaagde dag!<\/p>\n","protected":false},"author":16,"featured_media":46197,"comment_status":"closed","ping_status":"closed","sticky":false,"template":"","format":"standard","meta":{"_acf_changed":false,"_searchwp_excluded":"","footnotes":""},"categories":[1],"tags":[],"cd_country":[8],"cd_internal_label":[],"cd_topic":[21],"class_list":["post-46192","post","type-post","status-publish","format-standard","has-post-thumbnail","hentry","category-niet-gecategoriseerd","cd_country-nederland","cd_topic-cordaid"],"acf":[],"yoast_head":"<!-- This site is optimized with the Yoast SEO plugin v27.3 - https:\/\/yoast.com\/product\/yoast-seo-wordpress\/ -->\n<title>Cordaid Beach Challenge: deelnemers halen ruim\u00a0\u20ac30.000 euro op - Cordaid<\/title>\n<meta name=\"description\" content=\"Bijna 230 deelnemers wandelden mee met de 1e Cordaid Beach Challenge. Samen haalden ze ruim \u20ac30.000 op voor onderwijs, zorg en schoon water.\" \/>\n<meta name=\"robots\" content=\"index, follow, max-snippet:-1, max-image-preview:large, max-video-preview:-1\" \/>\n<link rel=\"canonical\" href=\"https:\/\/www.cordaid.org\/nl\/nieuws\/deelnemers-cordaid-beach-challenge-halen-ruim-30000-euro-op\/\" \/>\n<meta property=\"og:locale\" content=\"nl_NL\" \/>\n<meta property=\"og:type\" content=\"article\" \/>\n<meta property=\"og:title\" content=\"Cordaid Beach Challenge: deelnemers halen ruim\u00a0\u20ac30.000 euro op - Cordaid\" \/>\n<meta property=\"og:description\" content=\"Bijna 230 deelnemers wandelden mee met de 1e Cordaid Beach Challenge. Samen haalden ze ruim \u20ac30.000 op voor onderwijs, zorg en schoon water.\" \/>\n<meta property=\"og:url\" content=\"https:\/\/www.cordaid.org\/nl\/nieuws\/deelnemers-cordaid-beach-challenge-halen-ruim-30000-euro-op\/\" \/>\n<meta property=\"og:site_name\" content=\"Cordaid\" \/>\n<meta property=\"article:publisher\" content=\"https:\/\/www.facebook.com\/Cordaid\/\" \/>\n<meta property=\"article:published_time\" content=\"2025-10-17T11:39:57+00:00\" \/>\n<meta property=\"article:modified_time\" content=\"2025-10-17T12:51:54+00:00\" \/>\n<meta property=\"og:image\" content=\"https:\/\/www.cordaid.org\/nl\/wp-content\/uploads\/2025\/10\/Cordaid-Beach-Challenge-2025-deelnemers-starten-bij-Manta-Beach-Foto-Mickael-Franci-scaled.jpg?image-crop-positioner-ts=1760694933\" \/>\n\t<meta property=\"og:image:width\" content=\"2560\" \/>\n\t<meta property=\"og:image:height\" content=\"1703\" \/>\n\t<meta property=\"og:image:type\" content=\"image\/jpeg\" \/>\n<meta name=\"author\" content=\"Marieke Nieuwstraten\" \/>\n<meta name=\"twitter:card\" content=\"summary_large_image\" \/>\n<meta name=\"twitter:creator\" content=\"@Cordaid\" \/>\n<meta name=\"twitter:site\" content=\"@Cordaid\" \/>\n<meta name=\"twitter:label1\" content=\"Geschreven door\" \/>\n\t<meta name=\"twitter:data1\" content=\"Marieke Nieuwstraten\" \/>\n\t<meta name=\"twitter:label2\" content=\"Geschatte leestijd\" \/>\n\t<meta name=\"twitter:data2\" content=\"3 minuten\" \/>\n<script type=\"application\/ld+json\" class=\"yoast-schema-graph\">{\"@context\":\"https:\\\/\\\/schema.org\",\"@graph\":[{\"@type\":\"NewsArticle\",\"@id\":\"https:\\\/\\\/www.cordaid.org\\\/nl\\\/nieuws\\\/deelnemers-cordaid-beach-challenge-halen-ruim-30000-euro-op\\\/#article\",\"isPartOf\":{\"@id\":\"https:\\\/\\\/www.cordaid.org\\\/nl\\\/nieuws\\\/deelnemers-cordaid-beach-challenge-halen-ruim-30000-euro-op\\\/\"},\"author\":{\"name\":\"Marieke Nieuwstraten\",\"@id\":\"https:\\\/\\\/www.cordaid.org\\\/nl\\\/#\\\/schema\\\/person\\\/48485d3b78b9e3366717d250a93809dc\"},\"headline\":\"Deelnemers\u00a0Cordaid Beach Challenge\u00a02025 halen ruim\u00a0\u20ac30.000 op\",\"datePublished\":\"2025-10-17T11:39:57+00:00\",\"dateModified\":\"2025-10-17T12:51:54+00:00\",\"mainEntityOfPage\":{\"@id\":\"https:\\\/\\\/www.cordaid.org\\\/nl\\\/nieuws\\\/deelnemers-cordaid-beach-challenge-halen-ruim-30000-euro-op\\\/\"},\"wordCount\":413,\"publisher\":{\"@id\":\"https:\\\/\\\/www.cordaid.org\\\/nl\\\/#organization\"},\"image\":{\"@id\":\"https:\\\/\\\/www.cordaid.org\\\/nl\\\/nieuws\\\/deelnemers-cordaid-beach-challenge-halen-ruim-30000-euro-op\\\/#primaryimage\"},\"thumbnailUrl\":\"https:\\\/\\\/www.cordaid.org\\\/nl\\\/wp-content\\\/uploads\\\/2025\\\/10\\\/Cordaid-Beach-Challenge-2025-deelnemers-starten-bij-Manta-Beach-Foto-Mickael-Franci-scaled.jpg?image-crop-positioner-ts=1760694933\",\"inLanguage\":\"nl-NL\"},{\"@type\":\"WebPage\",\"@id\":\"https:\\\/\\\/www.cordaid.org\\\/nl\\\/nieuws\\\/deelnemers-cordaid-beach-challenge-halen-ruim-30000-euro-op\\\/\",\"url\":\"https:\\\/\\\/www.cordaid.org\\\/nl\\\/nieuws\\\/deelnemers-cordaid-beach-challenge-halen-ruim-30000-euro-op\\\/\",\"name\":\"Cordaid Beach Challenge: deelnemers halen ruim\u00a0\u20ac30.000 euro op - Cordaid\",\"isPartOf\":{\"@id\":\"https:\\\/\\\/www.cordaid.org\\\/nl\\\/#website\"},\"primaryImageOfPage\":{\"@id\":\"https:\\\/\\\/www.cordaid.org\\\/nl\\\/nieuws\\\/deelnemers-cordaid-beach-challenge-halen-ruim-30000-euro-op\\\/#primaryimage\"},\"image\":{\"@id\":\"https:\\\/\\\/www.cordaid.org\\\/nl\\\/nieuws\\\/deelnemers-cordaid-beach-challenge-halen-ruim-30000-euro-op\\\/#primaryimage\"},\"thumbnailUrl\":\"https:\\\/\\\/www.cordaid.org\\\/nl\\\/wp-content\\\/uploads\\\/2025\\\/10\\\/Cordaid-Beach-Challenge-2025-deelnemers-starten-bij-Manta-Beach-Foto-Mickael-Franci-scaled.jpg?image-crop-positioner-ts=1760694933\",\"datePublished\":\"2025-10-17T11:39:57+00:00\",\"dateModified\":\"2025-10-17T12:51:54+00:00\",\"description\":\"Bijna 230 deelnemers wandelden mee met de 1e Cordaid Beach Challenge. Samen haalden ze ruim \u20ac30.000 op voor onderwijs, zorg en schoon water.\",\"breadcrumb\":{\"@id\":\"https:\\\/\\\/www.cordaid.org\\\/nl\\\/nieuws\\\/deelnemers-cordaid-beach-challenge-halen-ruim-30000-euro-op\\\/#breadcrumb\"},\"inLanguage\":\"nl-NL\",\"potentialAction\":[{\"@type\":\"ReadAction\",\"target\":[\"https:\\\/\\\/www.cordaid.org\\\/nl\\\/nieuws\\\/deelnemers-cordaid-beach-challenge-halen-ruim-30000-euro-op\\\/\"]}]},{\"@type\":\"ImageObject\",\"inLanguage\":\"nl-NL\",\"@id\":\"https:\\\/\\\/www.cordaid.org\\\/nl\\\/nieuws\\\/deelnemers-cordaid-beach-challenge-halen-ruim-30000-euro-op\\\/#primaryimage\",\"url\":\"https:\\\/\\\/www.cordaid.org\\\/nl\\\/wp-content\\\/uploads\\\/2025\\\/10\\\/Cordaid-Beach-Challenge-2025-deelnemers-starten-bij-Manta-Beach-Foto-Mickael-Franci-scaled.jpg?image-crop-positioner-ts=1760694933\",\"contentUrl\":\"https:\\\/\\\/www.cordaid.org\\\/nl\\\/wp-content\\\/uploads\\\/2025\\\/10\\\/Cordaid-Beach-Challenge-2025-deelnemers-starten-bij-Manta-Beach-Foto-Mickael-Franci-scaled.jpg?image-crop-positioner-ts=1760694933\",\"width\":2560,\"height\":1703,\"caption\":\"Deelnemers Cordaid Beach Challenge 2025 starten bij Manta Beach in Scheveningen.\"},{\"@type\":\"BreadcrumbList\",\"@id\":\"https:\\\/\\\/www.cordaid.org\\\/nl\\\/nieuws\\\/deelnemers-cordaid-beach-challenge-halen-ruim-30000-euro-op\\\/#breadcrumb\",\"itemListElement\":[{\"@type\":\"ListItem\",\"position\":1,\"name\":\"Home\",\"item\":\"https:\\\/\\\/www.cordaid.org\\\/nl\\\/\"},{\"@type\":\"ListItem\",\"position\":2,\"name\":\"Deelnemers\u00a0Cordaid Beach Challenge\u00a02025 halen ruim\u00a0\u20ac30.000 op\"}]},{\"@type\":\"WebSite\",\"@id\":\"https:\\\/\\\/www.cordaid.org\\\/nl\\\/#website\",\"url\":\"https:\\\/\\\/www.cordaid.org\\\/nl\\\/\",\"name\":\"Cordaid\",\"description\":\"Op de wereld om elkaar te helpen\",\"publisher\":{\"@id\":\"https:\\\/\\\/www.cordaid.org\\\/nl\\\/#organization\"},\"potentialAction\":[{\"@type\":\"SearchAction\",\"target\":{\"@type\":\"EntryPoint\",\"urlTemplate\":\"https:\\\/\\\/www.cordaid.org\\\/nl\\\/?s={search_term_string}\"},\"query-input\":{\"@type\":\"PropertyValueSpecification\",\"valueRequired\":true,\"valueName\":\"search_term_string\"}}],\"inLanguage\":\"nl-NL\"},{\"@type\":\"Organization\",\"@id\":\"https:\\\/\\\/www.cordaid.org\\\/nl\\\/#organization\",\"name\":\"Cordaid\",\"url\":\"https:\\\/\\\/www.cordaid.org\\\/nl\\\/\",\"logo\":{\"@type\":\"ImageObject\",\"inLanguage\":\"nl-NL\",\"@id\":\"https:\\\/\\\/www.cordaid.org\\\/nl\\\/#\\\/schema\\\/logo\\\/image\\\/\",\"url\":\"https:\\\/\\\/www.cordaid.org\\\/nl\\\/wp-content\\\/uploads\\\/2023\\\/09\\\/Logo-Cordaid-vierkant.png?image-crop-positioner-ts=1693981657\",\"contentUrl\":\"https:\\\/\\\/www.cordaid.org\\\/nl\\\/wp-content\\\/uploads\\\/2023\\\/09\\\/Logo-Cordaid-vierkant.png?image-crop-positioner-ts=1693981657\",\"width\":1000,\"height\":1000,\"caption\":\"Cordaid\"},\"image\":{\"@id\":\"https:\\\/\\\/www.cordaid.org\\\/nl\\\/#\\\/schema\\\/logo\\\/image\\\/\"},\"sameAs\":[\"https:\\\/\\\/www.facebook.com\\\/Cordaid\\\/\",\"https:\\\/\\\/x.com\\\/Cordaid\",\"https:\\\/\\\/www.instagram.com\\\/cordaid\\\/\",\"http:\\\/\\\/www.linkedin.com\\\/company\\\/cordaid\",\"http:\\\/\\\/www.youtube.com\\\/Cordaid1\",\"https:\\\/\\\/www.youtube.com\\\/Cordaid1\",\"https:\\\/\\\/www.linkedin.com\\\/company\\\/cordaid\\\/\",\"https:\\\/\\\/bsky.app\\\/profile\\\/cordaid.bsky.social\"],\"telephone\":\"+31703136300\",\"email\":\"info@cordaid.org\",\"description\":\"Cordaid Nederland: toegankelijke gezondheidszorg, onderwijs en noodhulp bij rampen. Steun Cordaid: kijk niet weg, kijk om. Help aan een duurzame wereldverbetering. Sinds 1914.\",\"address\":{\"@type\":\"PostalAddress\",\"addressCountry\":\"NL\",\"addressLocality\":\"Den Haag\",\"postalCode\":\"2511 BH\",\"streetAddress\":\"Grote Marktstraat 45\"},\"contactPoint\":[{\"@type\":\"ContactPoint\",\"contactType\":\"Telefoon algemeen\",\"telephone\":\"+31703136300\"},{\"@type\":\"ContactPoint\",\"contactType\":\"Donateursservice\",\"telephone\":\"31703136233\"}]},{\"@type\":\"Person\",\"@id\":\"https:\\\/\\\/www.cordaid.org\\\/nl\\\/#\\\/schema\\\/person\\\/48485d3b78b9e3366717d250a93809dc\",\"name\":\"Marieke Nieuwstraten\",\"image\":{\"@type\":\"ImageObject\",\"inLanguage\":\"nl-NL\",\"@id\":\"https:\\\/\\\/secure.gravatar.com\\\/avatar\\\/d0862552e0bbb0c240d5151206b9c27f0a2f587207520963cb49c310e8bf2b33?s=96&d=mm&r=g\",\"url\":\"https:\\\/\\\/secure.gravatar.com\\\/avatar\\\/d0862552e0bbb0c240d5151206b9c27f0a2f587207520963cb49c310e8bf2b33?s=96&d=mm&r=g\",\"contentUrl\":\"https:\\\/\\\/secure.gravatar.com\\\/avatar\\\/d0862552e0bbb0c240d5151206b9c27f0a2f587207520963cb49c310e8bf2b33?s=96&d=mm&r=g\",\"caption\":\"Marieke Nieuwstraten\"}}]}<\/script>\n<!-- \/ Yoast SEO plugin. -->","yoast_head_json":{"title":"Cordaid Beach Challenge: deelnemers halen ruim\u00a0\u20ac30.000 euro op - Cordaid","description":"Bijna 230 deelnemers wandelden mee met de 1e Cordaid Beach Challenge. Samen haalden ze ruim \u20ac30.000 op voor onderwijs, zorg en schoon water.","robots":{"index":"index","follow":"follow","max-snippet":"max-snippet:-1","max-image-preview":"max-image-preview:large","max-video-preview":"max-video-preview:-1"},"canonical":"https:\/\/www.cordaid.org\/nl\/nieuws\/deelnemers-cordaid-beach-challenge-halen-ruim-30000-euro-op\/","og_locale":"nl_NL","og_type":"article","og_title":"Cordaid Beach Challenge: deelnemers halen ruim\u00a0\u20ac30.000 euro op - Cordaid","og_description":"Bijna 230 deelnemers wandelden mee met de 1e Cordaid Beach Challenge. Samen haalden ze ruim \u20ac30.000 op voor onderwijs, zorg en schoon water.","og_url":"https:\/\/www.cordaid.org\/nl\/nieuws\/deelnemers-cordaid-beach-challenge-halen-ruim-30000-euro-op\/","og_site_name":"Cordaid","article_publisher":"https:\/\/www.facebook.com\/Cordaid\/","article_published_time":"2025-10-17T11:39:57+00:00","article_modified_time":"2025-10-17T12:51:54+00:00","og_image":[{"width":2560,"height":1703,"url":"https:\/\/www.cordaid.org\/nl\/wp-content\/uploads\/2025\/10\/Cordaid-Beach-Challenge-2025-deelnemers-starten-bij-Manta-Beach-Foto-Mickael-Franci-scaled.jpg?image-crop-positioner-ts=1760694933","type":"image\/jpeg"}],"author":"Marieke Nieuwstraten","twitter_card":"summary_large_image","twitter_creator":"@Cordaid","twitter_site":"@Cordaid","twitter_misc":{"Geschreven door":"Marieke Nieuwstraten","Geschatte leestijd":"3 minuten"},"schema":{"@context":"https:\/\/schema.org","@graph":[{"@type":"NewsArticle","@id":"https:\/\/www.cordaid.org\/nl\/nieuws\/deelnemers-cordaid-beach-challenge-halen-ruim-30000-euro-op\/#article","isPartOf":{"@id":"https:\/\/www.cordaid.org\/nl\/nieuws\/deelnemers-cordaid-beach-challenge-halen-ruim-30000-euro-op\/"},"author":{"name":"Marieke Nieuwstraten","@id":"https:\/\/www.cordaid.org\/nl\/#\/schema\/person\/48485d3b78b9e3366717d250a93809dc"},"headline":"Deelnemers\u00a0Cordaid Beach Challenge\u00a02025 halen ruim\u00a0\u20ac30.000 op","datePublished":"2025-10-17T11:39:57+00:00","dateModified":"2025-10-17T12:51:54+00:00","mainEntityOfPage":{"@id":"https:\/\/www.cordaid.org\/nl\/nieuws\/deelnemers-cordaid-beach-challenge-halen-ruim-30000-euro-op\/"},"wordCount":413,"publisher":{"@id":"https:\/\/www.cordaid.org\/nl\/#organization"},"image":{"@id":"https:\/\/www.cordaid.org\/nl\/nieuws\/deelnemers-cordaid-beach-challenge-halen-ruim-30000-euro-op\/#primaryimage"},"thumbnailUrl":"https:\/\/www.cordaid.org\/nl\/wp-content\/uploads\/2025\/10\/Cordaid-Beach-Challenge-2025-deelnemers-starten-bij-Manta-Beach-Foto-Mickael-Franci-scaled.jpg?image-crop-positioner-ts=1760694933","inLanguage":"nl-NL"},{"@type":"WebPage","@id":"https:\/\/www.cordaid.org\/nl\/nieuws\/deelnemers-cordaid-beach-challenge-halen-ruim-30000-euro-op\/","url":"https:\/\/www.cordaid.org\/nl\/nieuws\/deelnemers-cordaid-beach-challenge-halen-ruim-30000-euro-op\/","name":"Cordaid Beach Challenge: deelnemers halen ruim\u00a0\u20ac30.000 euro op - Cordaid","isPartOf":{"@id":"https:\/\/www.cordaid.org\/nl\/#website"},"primaryImageOfPage":{"@id":"https:\/\/www.cordaid.org\/nl\/nieuws\/deelnemers-cordaid-beach-challenge-halen-ruim-30000-euro-op\/#primaryimage"},"image":{"@id":"https:\/\/www.cordaid.org\/nl\/nieuws\/deelnemers-cordaid-beach-challenge-halen-ruim-30000-euro-op\/#primaryimage"},"thumbnailUrl":"https:\/\/www.cordaid.org\/nl\/wp-content\/uploads\/2025\/10\/Cordaid-Beach-Challenge-2025-deelnemers-starten-bij-Manta-Beach-Foto-Mickael-Franci-scaled.jpg?image-crop-positioner-ts=1760694933","datePublished":"2025-10-17T11:39:57+00:00","dateModified":"2025-10-17T12:51:54+00:00","description":"Bijna 230 deelnemers wandelden mee met de 1e Cordaid Beach Challenge. Samen haalden ze ruim \u20ac30.000 op voor onderwijs, zorg en schoon water.","breadcrumb":{"@id":"https:\/\/www.cordaid.org\/nl\/nieuws\/deelnemers-cordaid-beach-challenge-halen-ruim-30000-euro-op\/#breadcrumb"},"inLanguage":"nl-NL","potentialAction":[{"@type":"ReadAction","target":["https:\/\/www.cordaid.org\/nl\/nieuws\/deelnemers-cordaid-beach-challenge-halen-ruim-30000-euro-op\/"]}]},{"@type":"ImageObject","inLanguage":"nl-NL","@id":"https:\/\/www.cordaid.org\/nl\/nieuws\/deelnemers-cordaid-beach-challenge-halen-ruim-30000-euro-op\/#primaryimage","url":"https:\/\/www.cordaid.org\/nl\/wp-content\/uploads\/2025\/10\/Cordaid-Beach-Challenge-2025-deelnemers-starten-bij-Manta-Beach-Foto-Mickael-Franci-scaled.jpg?image-crop-positioner-ts=1760694933","contentUrl":"https:\/\/www.cordaid.org\/nl\/wp-content\/uploads\/2025\/10\/Cordaid-Beach-Challenge-2025-deelnemers-starten-bij-Manta-Beach-Foto-Mickael-Franci-scaled.jpg?image-crop-positioner-ts=1760694933","width":2560,"height":1703,"caption":"Deelnemers Cordaid Beach Challenge 2025 starten bij Manta Beach in Scheveningen."},{"@type":"BreadcrumbList","@id":"https:\/\/www.cordaid.org\/nl\/nieuws\/deelnemers-cordaid-beach-challenge-halen-ruim-30000-euro-op\/#breadcrumb","itemListElement":[{"@type":"ListItem","position":1,"name":"Home","item":"https:\/\/www.cordaid.org\/nl\/"},{"@type":"ListItem","position":2,"name":"Deelnemers\u00a0Cordaid Beach Challenge\u00a02025 halen ruim\u00a0\u20ac30.000 op"}]},{"@type":"WebSite","@id":"https:\/\/www.cordaid.org\/nl\/#website","url":"https:\/\/www.cordaid.org\/nl\/","name":"Cordaid","description":"Op de wereld om elkaar te helpen","publisher":{"@id":"https:\/\/www.cordaid.org\/nl\/#organization"},"potentialAction":[{"@type":"SearchAction","target":{"@type":"EntryPoint","urlTemplate":"https:\/\/www.cordaid.org\/nl\/?s={search_term_string}"},"query-input":{"@type":"PropertyValueSpecification","valueRequired":true,"valueName":"search_term_string"}}],"inLanguage":"nl-NL"},{"@type":"Organization","@id":"https:\/\/www.cordaid.org\/nl\/#organization","name":"Cordaid","url":"https:\/\/www.cordaid.org\/nl\/","logo":{"@type":"ImageObject","inLanguage":"nl-NL","@id":"https:\/\/www.cordaid.org\/nl\/#\/schema\/logo\/image\/","url":"https:\/\/www.cordaid.org\/nl\/wp-content\/uploads\/2023\/09\/Logo-Cordaid-vierkant.png?image-crop-positioner-ts=1693981657","contentUrl":"https:\/\/www.cordaid.org\/nl\/wp-content\/uploads\/2023\/09\/Logo-Cordaid-vierkant.png?image-crop-positioner-ts=1693981657","width":1000,"height":1000,"caption":"Cordaid"},"image":{"@id":"https:\/\/www.cordaid.org\/nl\/#\/schema\/logo\/image\/"},"sameAs":["https:\/\/www.facebook.com\/Cordaid\/","https:\/\/x.com\/Cordaid","https:\/\/www.instagram.com\/cordaid\/","http:\/\/www.linkedin.com\/company\/cordaid","http:\/\/www.youtube.com\/Cordaid1","https:\/\/www.youtube.com\/Cordaid1","https:\/\/www.linkedin.com\/company\/cordaid\/","https:\/\/bsky.app\/profile\/cordaid.bsky.social"],"telephone":"+31703136300","email":"info@cordaid.org","description":"Cordaid Nederland: toegankelijke gezondheidszorg, onderwijs en noodhulp bij rampen. Steun Cordaid: kijk niet weg, kijk om. Help aan een duurzame wereldverbetering. Sinds 1914.","address":{"@type":"PostalAddress","addressCountry":"NL","addressLocality":"Den Haag","postalCode":"2511 BH","streetAddress":"Grote Marktstraat 45"},"contactPoint":[{"@type":"ContactPoint","contactType":"Telefoon algemeen","telephone":"+31703136300"},{"@type":"ContactPoint","contactType":"Donateursservice","telephone":"31703136233"}]},{"@type":"Person","@id":"https:\/\/www.cordaid.org\/nl\/#\/schema\/person\/48485d3b78b9e3366717d250a93809dc","name":"Marieke Nieuwstraten","image":{"@type":"ImageObject","inLanguage":"nl-NL","@id":"https:\/\/secure.gravatar.com\/avatar\/d0862552e0bbb0c240d5151206b9c27f0a2f587207520963cb49c310e8bf2b33?s=96&d=mm&r=g","url":"https:\/\/secure.gravatar.com\/avatar\/d0862552e0bbb0c240d5151206b9c27f0a2f587207520963cb49c310e8bf2b33?s=96&d=mm&r=g","contentUrl":"https:\/\/secure.gravatar.com\/avatar\/d0862552e0bbb0c240d5151206b9c27f0a2f587207520963cb49c310e8bf2b33?s=96&d=mm&r=g","caption":"Marieke Nieuwstraten"}}]}},"_links":{"self":[{"href":"https:\/\/www.cordaid.org\/nl\/wp-json\/wp\/v2\/posts\/46192","targetHints":{"allow":["GET"]}}],"collection":[{"href":"https:\/\/www.cordaid.org\/nl\/wp-json\/wp\/v2\/posts"}],"about":[{"href":"https:\/\/www.cordaid.org\/nl\/wp-json\/wp\/v2\/types\/post"}],"author":[{"embeddable":true,"href":"https:\/\/www.cordaid.org\/nl\/wp-json\/wp\/v2\/users\/16"}],"replies":[{"embeddable":true,"href":"https:\/\/www.cordaid.org\/nl\/wp-json\/wp\/v2\/comments?post=46192"}],"version-history":[{"count":19,"href":"https:\/\/www.cordaid.org\/nl\/wp-json\/wp\/v2\/posts\/46192\/revisions"}],"predecessor-version":[{"id":46272,"href":"https:\/\/www.cordaid.org\/nl\/wp-json\/wp\/v2\/posts\/46192\/revisions\/46272"}],"wp:featuredmedia":[{"embeddable":true,"href":"https:\/\/www.cordaid.org\/nl\/wp-json\/wp\/v2\/media\/46197"}],"wp:attachment":[{"href":"https:\/\/www.cordaid.org\/nl\/wp-json\/wp\/v2\/media?parent=46192"}],"wp:term":[{"taxonomy":"category","embeddable":true,"href":"https:\/\/www.cordaid.org\/nl\/wp-json\/wp\/v2\/categories?post=46192"},{"taxonomy":"post_tag","embeddable":true,"href":"https:\/\/www.cordaid.org\/nl\/wp-json\/wp\/v2\/tags?post=46192"},{"taxonomy":"cd_country","embeddable":true,"href":"https:\/\/www.cordaid.org\/nl\/wp-json\/wp\/v2\/cd_country?post=46192"},{"taxonomy":"cd_internal_label","embeddable":true,"href":"https:\/\/www.cordaid.org\/nl\/wp-json\/wp\/v2\/cd_internal_label?post=46192"},{"taxonomy":"cd_topic","embeddable":true,"href":"https:\/\/www.cordaid.org\/nl\/wp-json\/wp\/v2\/cd_topic?post=46192"}],"curies":[{"name":"wp","href":"https:\/\/api.w.org\/{rel}","templated":true}]}}